{"id":89985,"date":"2022-05-20T13:37:44","date_gmt":"2022-05-20T16:37:44","guid":{"rendered":"https:\/\/primicias2262.com\/?p=89985"},"modified":"2022-05-20T13:37:44","modified_gmt":"2022-05-20T16:37:44","slug":"cuarta-ola-de-covid-gavarrino-confirmo-que-necochea-muestra-un-crecimiento-de-casos","status":"publish","type":"post","link":"https:\/\/primicias2262.com\/noticias\/cuarta-ola-de-covid-gavarrino-confirmo-que-necochea-muestra-un-crecimiento-de-casos\/","title":{"rendered":"Cuarta ola de Covid: Gavarrino confirm\u00f3 que Necochea muestra un crecimiento de casos"},"content":{"rendered":"<p>El bioqu\u00edmico asegur\u00f3 que estamos en \u201cla primera semana de crecimiento\u201d y que vamos en camino a seguir la tendencia nacional, donde los casos confirmados tuvieron un aumento del 182%, aunque busc\u00f3 tranquilizar a la poblaci\u00f3n: \u201cNo necesariamente tengan que reproducirse las situaciones del pasado\u201d.<\/p>\n<p>Mientras que el Gobierno nacional, a trav\u00e9s del Ministerio de Salud, asegur\u00f3 que no habr\u00e1 nuevas restricciones por Covid-19 e insisti\u00f3 en el uso de barbijo y la vacunaci\u00f3n, la cuarta ola de la pandemia ya fue admitida y los casos confirmados tuvieron un aumento exponencial del 182% durante las \u00faltimas dos semanas en todo el pa\u00eds.<\/p>\n<p><a href=\"https:\/\/primicias2262.com\/wp-content\/uploads\/2021\/06\/flavio-gavarrino-scaled-e1623510855800.jpg\"><img loading=\"lazy\" decoding=\"async\" class=\"alignright size-medium wp-image-77685\" src=\"https:\/\/primicias2262.com\/wp-content\/uploads\/2021\/06\/flavio-gavarrino-300x225.jpg\" alt=\"\" width=\"300\" height=\"225\" \/><\/a>Si bien los reportes semanales indican que las hospitalizaciones y las muertes a\u00fan no han aumentado por este brote de la subvariante BA.2 de \u00d3micron, la tendencia a la baja se ha revertido y preocupa la suba de la positividad en los puntos poblacionalmente m\u00e1s concentrados.<\/p>\n<p>Al analizar la situaci\u00f3n del distrito de Necochea, el bioqu\u00edmico Flavio Gavarrino, responsable del laboratorio de an\u00e1lisis cl\u00ednicos que lleva su nombre, revel\u00f3 en el programa radial Voces de la Ciudad que \u201cac\u00e1 vamos, reci\u00e9n, por la primera semana de crecimiento, pero definitivamente creo que est\u00e1 estableci\u00e9ndose la misma tendencia que a nivel nacional, de cara a una ola que no tenemos la menor idea de cu\u00e1les van a ser sus dimensiones\u201d, aunque \u201cno necesariamente tengan que reproducirse las situaciones del pasado\u201d, tranquiliz\u00f3.<\/p>\n<p>Sobre el panorama general, \u201cempez\u00f3 a haber un poco m\u00e1s de demanda a nivel nacional, la curva se invirti\u00f3, dej\u00f3 de decrecer y empezaron a crecer los casos por cuatros semanas consecutivas\u201d, y a ra\u00edz de este dato, \u201cnormalmente, las olas las experimentamos en Necochea con unas dos a cuatro semanas de retraso desde que empiezan a moverse en el pa\u00eds\u201d.<\/p>\n<p>Tras destacar el apoyo recibido por la poblaci\u00f3n a lo largo de este tiempo de pandemia, con respecto a la valoraci\u00f3n del laboratorio para realizar sus controles, Gavarrino se\u00f1al\u00f3 que \u201clos valores de los testeos se mantienen iguales desde el inicio\u201d y que \u201cvamos a tratar de sostenerlos todo lo que se pueda, pero obviamente la inflaci\u00f3n est\u00e1 impactando fuerte\u201d.<\/p>\n<p>Con respecto a ello, remarc\u00f3 que el precio de los test r\u00e1pidos es de 2500 pesos, mientras que la PCR cuesta 7000, al tiempo que detall\u00f3 que el laboratorio se mantiene abierto de lunes a viernes entre las 7 y las 18, con horario corrido, los s\u00e1bados de 9 a 12, y domingos y feriados se trabaja con turnos.<\/p>\n","protected":false},"excerpt":{"rendered":"<p>El bioqu\u00edmico asegur\u00f3 que estamos en \u201cla primera semana de crecimiento\u201d y que vamos en camino a seguir la tendencia nacional, donde los casos confirmados tuvieron un aumento del 182%, aunque busc\u00f3 tranquilizar a la poblaci\u00f3n: \u201cNo necesariamente tengan que reproducirse las situaciones del pasado\u201d. Mientras que el Gobierno nacional, a trav\u00e9s del Ministerio de [&hellip;]<\/p>\n","protected":false},"author":3,"featured_media":75136,"comment_status":"closed","ping_status":"closed","sticky":false,"template":"","format":"standard","meta":{"footnotes":""},"categories":[3],"tags":[],"class_list":["post-89985","post","type-post","status-publish","format-standard","has-post-thumbnail","category-masnoticias"],"_links":{"self":[{"href":"https:\/\/primicias2262.com\/noticias\/wp-json\/wp\/v2\/posts\/89985","targetHints":{"allow":["GET"]}}],"collection":[{"href":"https:\/\/primicias2262.com\/noticias\/wp-json\/wp\/v2\/posts"}],"about":[{"href":"https:\/\/primicias2262.com\/noticias\/wp-json\/wp\/v2\/types\/post"}],"author":[{"embeddable":true,"href":"https:\/\/primicias2262.com\/noticias\/wp-json\/wp\/v2\/users\/3"}],"replies":[{"embeddable":true,"href":"https:\/\/primicias2262.com\/noticias\/wp-json\/wp\/v2\/comments?post=89985"}],"version-history":[{"count":0,"href":"https:\/\/primicias2262.com\/noticias\/wp-json\/wp\/v2\/posts\/89985\/revisions"}],"wp:attachment":[{"href":"https:\/\/primicias2262.com\/noticias\/wp-json\/wp\/v2\/media?parent=89985"}],"wp:term":[{"taxonomy":"category","embeddable":true,"href":"https:\/\/primicias2262.com\/noticias\/wp-json\/wp\/v2\/categories?post=89985"},{"taxonomy":"post_tag","embeddable":true,"href":"https:\/\/primicias2262.com\/noticias\/wp-json\/wp\/v2\/tags?post=89985"}],"curies":[{"name":"wp","href":"https:\/\/api.w.org\/{rel}","templated":true}]}}