{"id":89999,"date":"2022-05-21T12:37:50","date_gmt":"2022-05-21T15:37:50","guid":{"rendered":"https:\/\/primicias2262.com\/?p=89999"},"modified":"2022-05-21T12:37:50","modified_gmt":"2022-05-21T15:37:50","slug":"crece-la-problematica-por-el-faltante-de-remises-tenemos-aproximadamente-70-menos","status":"publish","type":"post","link":"https:\/\/primicias2262.com\/noticias\/crece-la-problematica-por-el-faltante-de-remises-tenemos-aproximadamente-70-menos\/","title":{"rendered":"Crece la problem\u00e1tica por el faltante de remises: \u201cTenemos aproximadamente 70 menos\u201d"},"content":{"rendered":"<p>As\u00ed lo confirm\u00f3 el director de Transporte municipal, Facundo Croci, quien asegur\u00f3 que est\u00e1 abierto el Registro de Aspirantes para la incorporaci\u00f3n de nuevas unidades. Justific\u00f3 la insuficiencia en el servicio por \u201cla compleja situaci\u00f3n econ\u00f3mica del pa\u00eds\u201d, aunque el inconveniente responda \u201ca m\u00faltiples factores\u201d.<\/p>\n<p>En representaci\u00f3n del municipio, Facundo Croci ofreci\u00f3 en el aire del programa radial Voces de la Ciudad algunas explicaciones con respecto a la insuficiencia del servicio de remises en horarios puntuales del d\u00eda, tras la inquietud planteada por algunos vecinos que son usuarios habituales de esta prestaci\u00f3n privada y que dieron nota de las falencias observadas.<\/p>\n<p>El Director de Transporte de la comuna justific\u00f3 esta carencia apoy\u00e1ndose en m\u00faltiples factores, pero hizo hincapi\u00e9 en \u201cla compleja situaci\u00f3n econ\u00f3mica del pa\u00eds\u201d. Al respecto, agreg\u00f3: \u201cMuchos licenciatarios no pudieron cambiar sus unidades. A muchos, el Concejo Deliberante les otorg\u00f3 una extensi\u00f3n por V\u00eda de Excepci\u00f3n de un a\u00f1o m\u00e1s\u201d, aun as\u00ed \u201ctenemos aproximadamente 70 remises menos\u201d.<\/p>\n<p>La administraci\u00f3n local tiene disponibles 380 licencias para este tipo de unidades y, al momento, \u201chay operativas 305\u201d, seg\u00fan revel\u00f3 el funcionario, un escenario que miran con preocupaci\u00f3n desde el Estado municipal y por lo que \u201cestamos utilizando las diferentes herramientas que tenemos\u201d, porque \u201ctanto Arturo (el intendente Rojas) como Gabriela (G\u00f3ngora, la secretaria de Gobierno de la cual depende el \u00e1rea de Transporte) me pidieron que abra el Registro de Aspirantes\u201d para dar tratamiento paliativo a esta irregularidad.<\/p>\n<p>Gracias a la apertura de este padr\u00f3n \u201cse estar\u00edan incorporando 6 unidades este mes, con las que no recuperamos ni el 10%\u201d del faltante, explic\u00f3 el director, a\u00f1adiendo que \u201cse anot\u00f3 muy poca gente porque hoy, obviamente, poner un coche en funcionamiento que tiene que ser como m\u00ednimo (modelo) 2012 por ordenanza, no es sencillo\u201d, encima cuando ese veh\u00edculo tendr\u00eda validez solo por un a\u00f1o, argument\u00f3 Croci.<\/p>\n<p>Con respecto al tema de las extensiones excepcionales otorgadas por la c\u00e1mara de los ediles se\u00f1al\u00f3 que\u00a0 \u201clas unidades 2011 que estaban en condiciones t\u00e9cnico-mec\u00e1nicas y de seguridad, que es lo que miramos nosotros, fueron elevadas con el informe pertinente y las han aprobado para que sigan en funcionamiento\u201d.<\/p>\n<p>\u201cSon muchas cosas que hacen a la problem\u00e1tica\u201d, por ejemplo \u201cla gente que en el momento del parate (por la pandemia) eran choferes de taxis y remises y empezaron a hacer otras cosas porque necesitaban trabajar, muchos de los cuales no han vuelto a la conducci\u00f3n. Entonces ten\u00e9s menos unidades y menos choferes, es una realidad que est\u00e1 pasando no solo en Necochea sino en toda la provincia de Buenos Aires\u201d, asegur\u00f3 el titular de Transporte amparado en la relaci\u00f3n que mantiene con funcionarios afines de distintos municipios.<\/p>\n<p><strong>La situaci\u00f3n de los micro \u00f3mnibus<\/strong><\/p>\n<p>Por \u00faltimo, Croci habl\u00f3 de otro tema que tiene en vilo al sector: la situaci\u00f3n paritaria de los choferes de los colectivos de circulaci\u00f3n urbana que, por la falta de acuerdos, amenaza peri\u00f3dicamente con medidas de fuerza que dejan sin el esencial servicio a los vecinos.<\/p>\n<p>Conocida este mi\u00e9rcoles la suspensi\u00f3n del paro de 72 horas por parte de la Uni\u00f3n Tranviarios Automotor (UTA), en todo el interior del pa\u00eds y tras haber alcanzado un acuerdo con la Federaci\u00f3n Argentina de Transportadores por Automotor de Pasajeros (FATAP), el funcionario municipal revel\u00f3 que estuvo reunido con representantes del rubro en la tarde de este jueves y que le confirmaron que, \u201cpor el momento, est\u00e1n en cuarto intermedio\u201d.<\/p>\n<p>\u201cEl problema de fondo no est\u00e1 resuelto. Es importante que haya di\u00e1logo y espero que se llegue a una soluci\u00f3n, m\u00e1s que nada por las personas que usan el transporte p\u00fablico en la modalidad micro \u00f3mnibus, que es un gran n\u00famero, y de los choferes, porque esa es su fuente de trabajo y necesitan tener su aumento por la situaci\u00f3n econ\u00f3mica que se vive\u201d, cerr\u00f3 el Director<\/p>\n","protected":false},"excerpt":{"rendered":"<p>As\u00ed lo confirm\u00f3 el director de Transporte municipal, Facundo Croci, quien asegur\u00f3 que est\u00e1 abierto el Registro de Aspirantes para la incorporaci\u00f3n de nuevas unidades. Justific\u00f3 la insuficiencia en el servicio por \u201cla compleja situaci\u00f3n econ\u00f3mica del pa\u00eds\u201d, aunque el inconveniente responda \u201ca m\u00faltiples factores\u201d. En representaci\u00f3n del municipio, Facundo Croci ofreci\u00f3 en el aire [&hellip;]<\/p>\n","protected":false},"author":3,"featured_media":80190,"comment_status":"closed","ping_status":"closed","sticky":false,"template":"","format":"standard","meta":{"footnotes":""},"categories":[3],"tags":[],"class_list":["post-89999","post","type-post","status-publish","format-standard","has-post-thumbnail","category-masnoticias"],"_links":{"self":[{"href":"https:\/\/primicias2262.com\/noticias\/wp-json\/wp\/v2\/posts\/89999","targetHints":{"allow":["GET"]}}],"collection":[{"href":"https:\/\/primicias2262.com\/noticias\/wp-json\/wp\/v2\/posts"}],"about":[{"href":"https:\/\/primicias2262.com\/noticias\/wp-json\/wp\/v2\/types\/post"}],"author":[{"embeddable":true,"href":"https:\/\/primicias2262.com\/noticias\/wp-json\/wp\/v2\/users\/3"}],"replies":[{"embeddable":true,"href":"https:\/\/primicias2262.com\/noticias\/wp-json\/wp\/v2\/comments?post=89999"}],"version-history":[{"count":0,"href":"https:\/\/primicias2262.com\/noticias\/wp-json\/wp\/v2\/posts\/89999\/revisions"}],"wp:attachment":[{"href":"https:\/\/primicias2262.com\/noticias\/wp-json\/wp\/v2\/media?parent=89999"}],"wp:term":[{"taxonomy":"category","embeddable":true,"href":"https:\/\/primicias2262.com\/noticias\/wp-json\/wp\/v2\/categories?post=89999"},{"taxonomy":"post_tag","embeddable":true,"href":"https:\/\/primicias2262.com\/noticias\/wp-json\/wp\/v2\/tags?post=89999"}],"curies":[{"name":"wp","href":"https:\/\/api.w.org\/{rel}","templated":true}]}}