{"id":90004,"date":"2022-05-21T13:04:14","date_gmt":"2022-05-21T16:04:14","guid":{"rendered":"https:\/\/primicias2262.com\/?p=90004"},"modified":"2022-05-21T13:04:14","modified_gmt":"2022-05-21T16:04:14","slug":"la-fecha-del-futbol-local-inicia-este-sabado-y-culmina-el-miercoles-feriado-25-de-mayo","status":"publish","type":"post","link":"https:\/\/primicias2262.com\/noticias\/la-fecha-del-futbol-local-inicia-este-sabado-y-culmina-el-miercoles-feriado-25-de-mayo\/","title":{"rendered":"La fecha del f\u00fatbol local inicia este s\u00e1bado y culmina el mi\u00e9rcoles feriado 25 de mayo"},"content":{"rendered":"<p><strong>Esta tarde habr\u00e1 un par de adelantos de la 8va y \u00faltima fecha interzonal del campeonato \u00abEmilio Jeder Resuene\u00bb de la Liga Necochea de F\u00fatbol, y si bien ma\u00f1ana domingo habr\u00e1 tres partidos m\u00e1s, la culminaci\u00f3n ser\u00e1 el mi\u00e9rcoles feriado con dos partidos, entre ellos el cl\u00e1sico de Quequ\u00e9n.<\/strong><\/p>\n<p><strong>Otra novedad para este fin de semana es el cambio de horario en varios partidos<\/strong>, algunos adelant\u00e1ndose considerablemente, en el caso del domingo debido a que la final de la Copa de la Liga de AFA entre Boca y Tigre en C\u00f3rdoba es a partir de las 16.<\/p>\n<p>Por lo pronto, <strong>este s\u00e1bado<\/strong> se dar\u00e1n los siguientes adelantos:<\/p>\n<p>14 hs. Hurac\u00e1n vs. Independiente Lober\u00eda (Amuchastegui)<br \/>\n15.30 Jorge Newbery vs. Defensores JNF (Lacassagne)<\/p>\n<p><strong>Domingo:<\/strong><\/p>\n<p>13.15 La Dulce vs. Villa D\u00edaz V\u00e9lez (Plaza)<br \/>\n14 hs. Mataderos vs. Gimnasia (Ostiza)<br \/>\nSportivo SC vs. Del Valle (Torres)<\/p>\n<p><strong>Mi\u00e9rcoles 25\/5<\/strong><\/p>\n<p>15.30 Estaci\u00f3n Quequ\u00e9n vs. Ministerio (Pirosanto)<br \/>\nVilla del Parque vs. Rivadavia (Nieto)<\/p>\n<p>Libre: Independiente SC<\/p>\n<p><strong>Posiciones<\/strong><\/p>\n<p><strong>Zona A<\/strong><\/p>\n<p>Independiente (SC) 21<br \/>\nSportivo (SC) 18<br \/>\nMataderos 10<br \/>\nVilla D\u00edaz V\u00e9lez 10<br \/>\nJorge Newbery 9<br \/>\nRivadavia 8<br \/>\nMinisterio 8<br \/>\nIndependiente de Lober\u00eda 7<\/p>\n<p><strong>Zona B<\/strong><\/p>\n<p>Del Valle 15<br \/>\nEstaci\u00f3n Quequ\u00e9n 12<br \/>\nGimnasia 8<br \/>\nDeportivo La Dulce 7<br \/>\nVilla del Parque 2<br \/>\nHurac\u00e1n 2<br \/>\nDefensores JNF 0<\/p>\n<p>&nbsp;<\/p>\n","protected":false},"excerpt":{"rendered":"<p>Esta tarde habr\u00e1 un par de adelantos de la 8va y \u00faltima fecha interzonal del campeonato \u00abEmilio Jeder Resuene\u00bb de la Liga Necochea de F\u00fatbol, y si bien ma\u00f1ana domingo habr\u00e1 tres partidos m\u00e1s, la culminaci\u00f3n ser\u00e1 el mi\u00e9rcoles feriado con dos partidos, entre ellos el cl\u00e1sico de Quequ\u00e9n. Otra novedad para este fin de [&hellip;]<\/p>\n","protected":false},"author":3,"featured_media":89474,"comment_status":"closed","ping_status":"closed","sticky":false,"template":"","format":"standard","meta":{"footnotes":""},"categories":[3],"tags":[],"class_list":["post-90004","post","type-post","status-publish","format-standard","has-post-thumbnail","category-masnoticias"],"_links":{"self":[{"href":"https:\/\/primicias2262.com\/noticias\/wp-json\/wp\/v2\/posts\/90004","targetHints":{"allow":["GET"]}}],"collection":[{"href":"https:\/\/primicias2262.com\/noticias\/wp-json\/wp\/v2\/posts"}],"about":[{"href":"https:\/\/primicias2262.com\/noticias\/wp-json\/wp\/v2\/types\/post"}],"author":[{"embeddable":true,"href":"https:\/\/primicias2262.com\/noticias\/wp-json\/wp\/v2\/users\/3"}],"replies":[{"embeddable":true,"href":"https:\/\/primicias2262.com\/noticias\/wp-json\/wp\/v2\/comments?post=90004"}],"version-history":[{"count":0,"href":"https:\/\/primicias2262.com\/noticias\/wp-json\/wp\/v2\/posts\/90004\/revisions"}],"wp:attachment":[{"href":"https:\/\/primicias2262.com\/noticias\/wp-json\/wp\/v2\/media?parent=90004"}],"wp:term":[{"taxonomy":"category","embeddable":true,"href":"https:\/\/primicias2262.com\/noticias\/wp-json\/wp\/v2\/categories?post=90004"},{"taxonomy":"post_tag","embeddable":true,"href":"https:\/\/primicias2262.com\/noticias\/wp-json\/wp\/v2\/tags?post=90004"}],"curies":[{"name":"wp","href":"https:\/\/api.w.org\/{rel}","templated":true}]}}