{"id":90005,"date":"2022-05-21T12:58:31","date_gmt":"2022-05-21T15:58:31","guid":{"rendered":"https:\/\/primicias2262.com\/?p=90005"},"modified":"2022-05-21T12:58:31","modified_gmt":"2022-05-21T15:58:31","slug":"anunciaron-la-remodelacion-de-la-parroquia-santa-maria-del-carmen","status":"publish","type":"post","link":"https:\/\/primicias2262.com\/noticias\/anunciaron-la-remodelacion-de-la-parroquia-santa-maria-del-carmen\/","title":{"rendered":"Anunciaron la remodelaci\u00f3n de la parroquia Santa Mar\u00eda del Carmen"},"content":{"rendered":"<p><strong>El encuentro entre el intendente Arturo Rojas y miembros de la hist\u00f3rica parroquia situada frente a la Plaza Dardo Rocha se desarroll\u00f3 en el despacho comunal. <\/strong><\/p>\n<p>Tras el mismo, el padre Fernando Mendoza admiti\u00f3 que \u201cla idea fue venir a hablar con el Intendente para articular voluntades y socializar el proyecto, y la verdad es que Arturo tuvo como respuesta un esp\u00edritu de colaboraci\u00f3n muy grande\u201d. Adem\u00e1s, la comitiva reconoci\u00f3 que el embellecimiento de la plaza motiv\u00f3 a dar este paso.<\/p>\n<p>El intendente Arturo Rojas recibi\u00f3 en el municipio a miembros de la comisi\u00f3n de la Parroquia Santa Mar\u00eda del Carmen, quienes realizaron un proyecto para remodelar el frente, el contrafrente y el interior del templo hist\u00f3rico ubicado frente a la Plaza Dardo Rocha, en v\u00edsperas de que cumplir\u00e1 140 a\u00f1os emplazado en ese sitio y por el que ha pasado toda la comunidad cat\u00f3lica del distrito y la zona tambi\u00e9n.<\/p>\n<p>El cura p\u00e1rroco de la iglesia, Fernando Mendoza, explic\u00f3 que \u201cdesde hace tiempo vemos que el templo tiene un estado de deterioro propio por el paso de los a\u00f1os, y como se trata de un monumento hist\u00f3rico que no ha tenido una intervenci\u00f3n sistem\u00e1tica es que definimos que hay que renovarlo, y no solo por una cuesti\u00f3n est\u00e9tica sino tambi\u00e9n porque hay algunos problemas estructurales tanto afuera como adentro\u201d.<\/p>\n<p>\u201cRealizamos el informe que nos solicitaron desde Obras P\u00fablicas y un presupuesto de obra, y la idea entonces fue venir a hablar con el Intendente para articular voluntades y socializar el proyecto\u201d agreg\u00f3 el padre Mendoza, al tiempo que argument\u00f3 que \u201cencima vemos que la plaza est\u00e1 tan linda, en esto de que la embellecieron con juegos, veredas y dem\u00e1s, lo que gener\u00f3 una corriente de vecinos y de vida impresionante\u201d.<\/p>\n<p>Para terminar, y con respecto a la reuni\u00f3n de la que tambi\u00e9n formaron parte el secretario de Obras P\u00fablicas, Adri\u00e1n Furno y el director de Gesti\u00f3n Institucional, Rodrigo Tab\u00e1rez, reconoci\u00f3 que \u201cArturo tuvo como respuesta un esp\u00edritu de colaboraci\u00f3n muy grande, de allanar caminos, y el objetivo principal era este, socializar con el jefe de la comuna y tener este primer punto de partida\u201d.<\/p>\n","protected":false},"excerpt":{"rendered":"<p>El encuentro entre el intendente Arturo Rojas y miembros de la hist\u00f3rica parroquia situada frente a la Plaza Dardo Rocha se desarroll\u00f3 en el despacho comunal. Tras el mismo, el padre Fernando Mendoza admiti\u00f3 que \u201cla idea fue venir a hablar con el Intendente para articular voluntades y socializar el proyecto, y la verdad es [&hellip;]<\/p>\n","protected":false},"author":3,"featured_media":90006,"comment_status":"closed","ping_status":"closed","sticky":false,"template":"","format":"standard","meta":{"footnotes":""},"categories":[3],"tags":[],"class_list":["post-90005","post","type-post","status-publish","format-standard","has-post-thumbnail","category-masnoticias"],"_links":{"self":[{"href":"https:\/\/primicias2262.com\/noticias\/wp-json\/wp\/v2\/posts\/90005","targetHints":{"allow":["GET"]}}],"collection":[{"href":"https:\/\/primicias2262.com\/noticias\/wp-json\/wp\/v2\/posts"}],"about":[{"href":"https:\/\/primicias2262.com\/noticias\/wp-json\/wp\/v2\/types\/post"}],"author":[{"embeddable":true,"href":"https:\/\/primicias2262.com\/noticias\/wp-json\/wp\/v2\/users\/3"}],"replies":[{"embeddable":true,"href":"https:\/\/primicias2262.com\/noticias\/wp-json\/wp\/v2\/comments?post=90005"}],"version-history":[{"count":0,"href":"https:\/\/primicias2262.com\/noticias\/wp-json\/wp\/v2\/posts\/90005\/revisions"}],"wp:attachment":[{"href":"https:\/\/primicias2262.com\/noticias\/wp-json\/wp\/v2\/media?parent=90005"}],"wp:term":[{"taxonomy":"category","embeddable":true,"href":"https:\/\/primicias2262.com\/noticias\/wp-json\/wp\/v2\/categories?post=90005"},{"taxonomy":"post_tag","embeddable":true,"href":"https:\/\/primicias2262.com\/noticias\/wp-json\/wp\/v2\/tags?post=90005"}],"curies":[{"name":"wp","href":"https:\/\/api.w.org\/{rel}","templated":true}]}}