{"id":90009,"date":"2022-05-21T14:28:49","date_gmt":"2022-05-21T17:28:49","guid":{"rendered":"https:\/\/primicias2262.com\/?p=90009"},"modified":"2022-05-21T14:28:49","modified_gmt":"2022-05-21T17:28:49","slug":"este-sabado-se-proclamaron-los-nuevos-delegados-de-la-usina","status":"publish","type":"post","link":"https:\/\/primicias2262.com\/noticias\/este-sabado-se-proclamaron-los-nuevos-delegados-de-la-usina\/","title":{"rendered":"Este s\u00e1bado se proclamaron los nuevos delegados de la Usina"},"content":{"rendered":"<p><strong>Corresponden a la lista Blanca-Celeste y Blanca-Unidad Cooperativa, o sea que surgen del actual oficialismo que conduce los destinos de la concesionaria el\u00e9ctrica. Al ser la \u00fanica n\u00f3mina que present\u00f3 candidatos, tales delegados fueron proclamados en un sencillo encuentro que esta ma\u00f1ana tuvo lugar en el sal\u00f3n comedor de la UPC. Asumir\u00e1n estos cargos en la pr\u00f3xima asamblea anual ordinaria que se prev\u00e9 concretar en la venidera primavera.<\/strong><\/p>\n<p><strong><a href=\"https:\/\/primicias2262.com\/wp-content\/uploads\/2021\/08\/Gomez.jpg\"><img loading=\"lazy\" decoding=\"async\" class=\"alignleft size-medium wp-image-80409\" src=\"https:\/\/primicias2262.com\/wp-content\/uploads\/2021\/08\/Gomez-269x300.jpg\" alt=\"\" width=\"269\" height=\"300\" \/><\/a>Por Jorge G\u00f3mez<\/strong><\/p>\n<p>En un sencillo encuentro que tuvo lugar en la ma\u00f1ana de este s\u00e1bado 21 de mayo qued\u00f3 consagrada y por ende electa -por unanimidad- la totalidad de la lista de candidatos a delegados de la Usina Popular Cooperativa Sebasti\u00e1n de Mar\u00eda de Necochea. La n\u00f3mica -\u00fanica inscripta para este acontecimiento- lo hizo en representaci\u00f3n de la oficialista Blanca-Celeste y Blanca-Unidad Cooperativa.<\/p>\n<p>Los m\u00e1s de 100 delegados electos -entre titulares y suplentes- asumir\u00e1n formalmente sus funciones en la pr\u00f3xima asamblea anual ordinaria que tendr\u00eda desarrollo en la venidera primavera cuando se tengan a mano los resultados econ\u00f3micos y financieros -balance general- de la concesionaria el\u00e9ctrica con cierre de ejercicio producido el pasado 31 de diciembre de 2021.<\/p>\n<p>En un marco de camarader\u00eda y constituidos los candidatos a delegados en nombre de la Lista Blanca-Celeste y Blanca en el sal\u00f3n comedor de la UPC de Necochea, se procedi\u00f3 a proclamar a los postulados, algo que, moci\u00f3n llevada adelante, se produjo por unanimidad.<\/p>\n<p>Al ser lista \u00fanica, el tr\u00e1mite result\u00f3 en el desarrollo de un par de minutos, ante los controles administrativos y legales que habitualmente tienen lugar en este tipo de actos.<\/p>\n<p>Vale citar que el \u00e1rea de concesi\u00f3n de la UPC local -las ciudades de Necochea Quequ\u00e9n y \u00e1reas rurales lindantes, entre ellas correspondientes a nuestro partido y al de Lober\u00eda- se divide en 7 distritos.<\/p>\n<p>Son en los cuales, y cuando existe m\u00e1s de una lista de candidatos a delegados, se habilitan mesas para que los asociados sin obligaci\u00f3n de hacerlo concurren a votar y definir democr\u00e1ticamente a sus representaciones distritales.<\/p>\n<p>Se remarca que, como viene sucediendo, se present\u00f3 nuevamente en este 2022 s\u00f3lo una lista de aspirantes a estos cargos -en representaci\u00f3n de los asociados a la Usina-, convoc\u00e1ndose los aspirantes a este encuentro en el que tuvo lugar la proclamaci\u00f3n de la \u00fanica n\u00f3mina, sin necesidad de habilitar mesas en los distritos.<\/p>\n<p>Supervisando el acontecimiento se pudo tomar nota de la concurrencia de buena parte de los integrantes del actual consejo de administraci\u00f3n de la Usina local, cuya presidenta es Marta Guariglia, acompa\u00f1ada, por citar un nombre, por la vicepresidenta de la instituci\u00f3n, Pilar Vitale.<\/p>\n<p>Se observ\u00f3 tambi\u00e9n que en un momento de la actividad, que se desarroll\u00f3 a primera hora de este s\u00e1bado, una breve visita y saludos de rigor de parte del intendente municipal de Necochea, doctor Arturo Rojas, como as\u00ed del secretario general del Sindicato de Luz y Fuerza local, Alejandro Nu\u00f1ez.<\/p>\n","protected":false},"excerpt":{"rendered":"<p>Corresponden a la lista Blanca-Celeste y Blanca-Unidad Cooperativa, o sea que surgen del actual oficialismo que conduce los destinos de la concesionaria el\u00e9ctrica. Al ser la \u00fanica n\u00f3mina que present\u00f3 candidatos, tales delegados fueron proclamados en un sencillo encuentro que esta ma\u00f1ana tuvo lugar en el sal\u00f3n comedor de la UPC. Asumir\u00e1n estos cargos en [&hellip;]<\/p>\n","protected":false},"author":3,"featured_media":90010,"comment_status":"closed","ping_status":"closed","sticky":false,"template":"","format":"standard","meta":{"footnotes":""},"categories":[3],"tags":[],"class_list":["post-90009","post","type-post","status-publish","format-standard","has-post-thumbnail","category-masnoticias"],"_links":{"self":[{"href":"https:\/\/primicias2262.com\/noticias\/wp-json\/wp\/v2\/posts\/90009","targetHints":{"allow":["GET"]}}],"collection":[{"href":"https:\/\/primicias2262.com\/noticias\/wp-json\/wp\/v2\/posts"}],"about":[{"href":"https:\/\/primicias2262.com\/noticias\/wp-json\/wp\/v2\/types\/post"}],"author":[{"embeddable":true,"href":"https:\/\/primicias2262.com\/noticias\/wp-json\/wp\/v2\/users\/3"}],"replies":[{"embeddable":true,"href":"https:\/\/primicias2262.com\/noticias\/wp-json\/wp\/v2\/comments?post=90009"}],"version-history":[{"count":0,"href":"https:\/\/primicias2262.com\/noticias\/wp-json\/wp\/v2\/posts\/90009\/revisions"}],"wp:attachment":[{"href":"https:\/\/primicias2262.com\/noticias\/wp-json\/wp\/v2\/media?parent=90009"}],"wp:term":[{"taxonomy":"category","embeddable":true,"href":"https:\/\/primicias2262.com\/noticias\/wp-json\/wp\/v2\/categories?post=90009"},{"taxonomy":"post_tag","embeddable":true,"href":"https:\/\/primicias2262.com\/noticias\/wp-json\/wp\/v2\/tags?post=90009"}],"curies":[{"name":"wp","href":"https:\/\/api.w.org\/{rel}","templated":true}]}}