{"id":90027,"date":"2022-05-22T13:44:16","date_gmt":"2022-05-22T16:44:16","guid":{"rendered":"https:\/\/primicias2262.com\/?p=90027"},"modified":"2022-05-22T13:44:16","modified_gmt":"2022-05-22T16:44:16","slug":"el-municipio-reordena-sus-operativos-de-barrido-ante-el-gran-caudal-de-hojas-en-la-via-publica","status":"publish","type":"post","link":"https:\/\/primicias2262.com\/noticias\/el-municipio-reordena-sus-operativos-de-barrido-ante-el-gran-caudal-de-hojas-en-la-via-publica\/","title":{"rendered":"El municipio reordena sus operativos de barrido ante el gran caudal de hojas en la v\u00eda p\u00fablica"},"content":{"rendered":"<p>Estamos trabajando con dos cuadrillas, tanto manuales como con la barredora, para hace la limpieza de todo lo que es el microcentro de la ciudad y los alrededores\u201d, asegur\u00f3 el director de Servicio P\u00fablicos, Ariel Rodr\u00edguez.<\/p>\n<p>En el aire de Voces de la Ciudad, el director municipal de Servicios P\u00fablicos, Ariel Rodr\u00edguez, explic\u00f3 de qu\u00e9 manera se montan los operativos de barrido y limpieza en esta \u00e9poca a lo largo de las ciudades de Necochea y Quequ\u00e9n, quiz\u00e1s la estaci\u00f3n m\u00e1s complicada del a\u00f1o para realizar esa tarea por la cantidad de hojas que se vuelcan en las veredas y calzadas.<\/p>\n<p>\u201cDespu\u00e9s de la \u00faltima sudestada, todos los trabajos que ven\u00edamos haciendo de mantenimiento se fueron para atr\u00e1s, pero hemos iniciado un operativo, sobre todo nocturno, cuando el parque automotor es mucho menor, y estamos trabajando con dos cuadrillas, tanto manuales como con la barredora, para hace la limpieza de todo lo que es el microcentro de la ciudad y los alrededores\u201d, resumi\u00f3 el funcionario en la FM Vinilo 103.5 MHz.<\/p>\n<p>En el marco de ese accionar, \u201canoche se trabaj\u00f3 de la calle 47 a la 63, desde Avenida 58 hasta la 50, un lugar donde est\u00e1 la especie esta de pl\u00e1tanos que larga tanta hoja grande, as\u00ed que se est\u00e1 trabajado much\u00edsimo\u201d, asegur\u00f3 el titular del \u00e1rea que depende de la Secretar\u00eda de Planeamiento, Obras y Servicio P\u00fablicos.<\/p>\n<p>Para explicar lo dificultoso que se torna el oto\u00f1o con respecto a las tareas de barrido, Rodr\u00edguez asegur\u00f3: \u201cNosotros tenemos un trabajo arduo de un mes m\u00e1s, hasta que desojen todos los \u00e1rboles. Ya despu\u00e9s es un trabajo de mantenimiento para el que, como siempre, tenemos cuadrillas en el microcentro, en el microcentro de la playa, en la Avenida 59 en cercan\u00edas del Hospital (Dr. Emilio Ferreyra) y el Barrio Banco Provincia\u201d, adem\u00e1s de \u201cuna m\u00f3vil que va rotando por sectores cada dos semanas\u201d.<\/p>\n<p>Vale destacar que la m\u00e1quina barredora que adquiri\u00f3 la actual gesti\u00f3n municipal en diciembre del 2020 cubre, seg\u00fan una planificaci\u00f3n previa, la ciudad de Necochea todos los lunes, mi\u00e9rcoles y viernes en dos turnos, los martes y jueves se dirige hacia Quequ\u00e9n y cada s\u00e1bado alterna tareas entre las localidades de La Dulce y Juan N. Fern\u00e1ndez.<\/p>\n<p>\u201cDespu\u00e9s, tratamos de hacer operativos de 4 horas, de 20 a 24, en conjunto con una cuadrilla de mano que va sacando a tres metros del cord\u00f3n una fila larga de hojas y simplifica mucho el trabajo\u201d, agreg\u00f3 Rodr\u00edguez.<\/p>\n<p>Finalmente, el director pidi\u00f3 a los ciudadanos que tienen muchas hojas acumul\u00e1ndose en sus cuadras juntarlas en una pila para que el capataz, \u201cque est\u00e1 dando vueltas todo el d\u00eda por la ciudad\u201d, las detecte y mande un equipo a recogerlas, o que se comuniquen al 147, la l\u00ednea gratuita de atenci\u00f3n al vecino, mediante la cual \u201cnosotros abrimos las alertas d\u00eda a d\u00eda y vamos al reclamo lo m\u00e1s r\u00e1pido que podemos\u201d.<\/p>\n","protected":false},"excerpt":{"rendered":"<p>Estamos trabajando con dos cuadrillas, tanto manuales como con la barredora, para hace la limpieza de todo lo que es el microcentro de la ciudad y los alrededores\u201d, asegur\u00f3 el director de Servicio P\u00fablicos, Ariel Rodr\u00edguez. En el aire de Voces de la Ciudad, el director municipal de Servicios P\u00fablicos, Ariel Rodr\u00edguez, explic\u00f3 de qu\u00e9 [&hellip;]<\/p>\n","protected":false},"author":3,"featured_media":90028,"comment_status":"closed","ping_status":"closed","sticky":false,"template":"","format":"standard","meta":{"footnotes":""},"categories":[3],"tags":[],"class_list":["post-90027","post","type-post","status-publish","format-standard","has-post-thumbnail","category-masnoticias"],"_links":{"self":[{"href":"https:\/\/primicias2262.com\/noticias\/wp-json\/wp\/v2\/posts\/90027","targetHints":{"allow":["GET"]}}],"collection":[{"href":"https:\/\/primicias2262.com\/noticias\/wp-json\/wp\/v2\/posts"}],"about":[{"href":"https:\/\/primicias2262.com\/noticias\/wp-json\/wp\/v2\/types\/post"}],"author":[{"embeddable":true,"href":"https:\/\/primicias2262.com\/noticias\/wp-json\/wp\/v2\/users\/3"}],"replies":[{"embeddable":true,"href":"https:\/\/primicias2262.com\/noticias\/wp-json\/wp\/v2\/comments?post=90027"}],"version-history":[{"count":0,"href":"https:\/\/primicias2262.com\/noticias\/wp-json\/wp\/v2\/posts\/90027\/revisions"}],"wp:attachment":[{"href":"https:\/\/primicias2262.com\/noticias\/wp-json\/wp\/v2\/media?parent=90027"}],"wp:term":[{"taxonomy":"category","embeddable":true,"href":"https:\/\/primicias2262.com\/noticias\/wp-json\/wp\/v2\/categories?post=90027"},{"taxonomy":"post_tag","embeddable":true,"href":"https:\/\/primicias2262.com\/noticias\/wp-json\/wp\/v2\/tags?post=90027"}],"curies":[{"name":"wp","href":"https:\/\/api.w.org\/{rel}","templated":true}]}}