{"id":90066,"date":"2022-05-23T12:51:21","date_gmt":"2022-05-23T15:51:21","guid":{"rendered":"https:\/\/primicias2262.com\/?p=90066"},"modified":"2022-05-23T12:51:21","modified_gmt":"2022-05-23T15:51:21","slug":"el-pj-de-necochea-lanza-el-miercoles-una-campana-de-afiliacion","status":"publish","type":"post","link":"https:\/\/primicias2262.com\/noticias\/el-pj-de-necochea-lanza-el-miercoles-una-campana-de-afiliacion\/","title":{"rendered":"El PJ de Necochea lanza el mi\u00e9rcoles una campa\u00f1a de afiliaci\u00f3n"},"content":{"rendered":"<p><strong>Se llamar\u00e1 \u201cEl peronismo vuelve a enamorar\u201d se iniciar\u00e1 este mi\u00e9rcoles 25 de mayo en el monumento a Eva Per\u00f3n, en la Plaza Rocha<\/strong><\/p>\n<p><strong>Por Jorge G\u00f3mez<\/strong><\/p>\n<p>El pr\u00f3ximo mi\u00e9rcoles 25 de mayo, a las 15, en el monumento a Eva Per\u00f3n ubicado en la plaza Dardo Rocha (calle 59 y 60), la Secretar\u00eda de Juventud del Partido Justicialista, junto a distintas agrupaciones juveniles del movimiento peronista, lanzar\u00e1 la Campa\u00f1a de Afiliaci\u00f3n denominada \u201cEl Peronismo vuelve a Enamorar\u201d, auspiciada por el Partido Justicialista de Necochea.<\/p>\n<p>Participar\u00e1n las agrupaciones Peronismo de Quequen (Lucracia Rivero), Movimiento Patria Grande (Daniel \u201cYanqui\u201d Lopez ), la Jauretche (Javier Nucci, Luis Pedone) el Movimiento Evita (Diego Britos), Descamisados (Enzo Villamonte ), Espacio en Com\u00fan del Frente de Todos (Ayelen Romanni ), la Corriente Nacional ( Danilo Brusa ), Sindicato AMS Casinos (Fernando Hansen, Valeria Lopez), Casino Division Juego AECN (Paulo Nielsen, Marcelo Fortete), S.O.M.U (Manuel Martinez).<\/p>\n<p>El objetivo de la campa\u00f1a, es la afiliaci\u00f3n partidaria de todos aquellas personas que por un motivo u otro no han podido afiliarse y desean formar parte del Justicialismo, especialmente a los sectores de la Juventud, que son el presente y futuro del Peronismo.<br \/>\nFacundo Rodriguez, secretario de la Juventud del Partido Justicialista, se\u00f1al\u00f3 que la campa\u00f1a se llevar\u00e1 a cabo en distintas plazas y espacios p\u00fablicos de nuestro distrito, y tambi\u00e9n se llevara adelante en Quequen, La Dulce, JNFernandez, y Claraz.<\/p>\n<p>Marcelo Rivero, presidente del P.J., expres\u00f3 que la campa\u00f1a de afiliaci\u00f3n surge como una necesidad de que el Peronismo se siga nutriendo de nuevos afiliados y simpatizantes que creen en el justicialismo como como el movimiento pol\u00edtico de masas capaz de transformar nuestro pais, y para que la participaci\u00f3n de las nuevas generaciones y la renovaci\u00f3n partidaria sea una realidad.<\/p>\n","protected":false},"excerpt":{"rendered":"<p>Se llamar\u00e1 \u201cEl peronismo vuelve a enamorar\u201d se iniciar\u00e1 este mi\u00e9rcoles 25 de mayo en el monumento a Eva Per\u00f3n, en la Plaza Rocha Por Jorge G\u00f3mez El pr\u00f3ximo mi\u00e9rcoles 25 de mayo, a las 15, en el monumento a Eva Per\u00f3n ubicado en la plaza Dardo Rocha (calle 59 y 60), la Secretar\u00eda de [&hellip;]<\/p>\n","protected":false},"author":3,"featured_media":90070,"comment_status":"closed","ping_status":"closed","sticky":false,"template":"","format":"standard","meta":{"footnotes":""},"categories":[3],"tags":[],"class_list":["post-90066","post","type-post","status-publish","format-standard","has-post-thumbnail","category-masnoticias"],"_links":{"self":[{"href":"https:\/\/primicias2262.com\/noticias\/wp-json\/wp\/v2\/posts\/90066","targetHints":{"allow":["GET"]}}],"collection":[{"href":"https:\/\/primicias2262.com\/noticias\/wp-json\/wp\/v2\/posts"}],"about":[{"href":"https:\/\/primicias2262.com\/noticias\/wp-json\/wp\/v2\/types\/post"}],"author":[{"embeddable":true,"href":"https:\/\/primicias2262.com\/noticias\/wp-json\/wp\/v2\/users\/3"}],"replies":[{"embeddable":true,"href":"https:\/\/primicias2262.com\/noticias\/wp-json\/wp\/v2\/comments?post=90066"}],"version-history":[{"count":0,"href":"https:\/\/primicias2262.com\/noticias\/wp-json\/wp\/v2\/posts\/90066\/revisions"}],"wp:attachment":[{"href":"https:\/\/primicias2262.com\/noticias\/wp-json\/wp\/v2\/media?parent=90066"}],"wp:term":[{"taxonomy":"category","embeddable":true,"href":"https:\/\/primicias2262.com\/noticias\/wp-json\/wp\/v2\/categories?post=90066"},{"taxonomy":"post_tag","embeddable":true,"href":"https:\/\/primicias2262.com\/noticias\/wp-json\/wp\/v2\/tags?post=90066"}],"curies":[{"name":"wp","href":"https:\/\/api.w.org\/{rel}","templated":true}]}}