{"id":90073,"date":"2022-05-23T12:55:28","date_gmt":"2022-05-23T15:55:28","guid":{"rendered":"https:\/\/primicias2262.com\/?p=90073"},"modified":"2022-05-23T12:55:28","modified_gmt":"2022-05-23T15:55:28","slug":"se-critico-mucho-algo-que-no-se-conocia-opino-el-organizador-de-la-carrera-de-motos-en-costa-bonita","status":"publish","type":"post","link":"https:\/\/primicias2262.com\/noticias\/se-critico-mucho-algo-que-no-se-conocia-opino-el-organizador-de-la-carrera-de-motos-en-costa-bonita\/","title":{"rendered":"\u201cSe critic\u00f3 mucho algo que no se conoc\u00eda\u201d, opin\u00f3 el organizador de la carrera de motos en Costa Bonita"},"content":{"rendered":"<p>Terminado el evento, Paul Urfini asegur\u00f3 respetar la postura de los ambientalistas, aunque se\u00f1al\u00f3 que, en vez de oponerse a todo, \u201ctendr\u00edan que haber estado al lado nuestro viendo que \u00edbamos a hacer con la basura\u201d. En cuanto al recibimiento por parte de los vecinos de la localidad: \u201cNos apoyaron y ayudaron en todo\u201d.<\/p>\n<p>Luego del desarrollo exitoso de la tercera fecha del \u201cArena Series\u201d en Costa Bonita, la competencia de enduro que despert\u00f3 algunas pol\u00e9micas previas en los sectores ambientalista y de la oposici\u00f3n pol\u00edtica, Paul Urfini, promotor de eventos de la Asociaci\u00f3n Civil MX del Norte, pas\u00f3 por el aire de Voces de la Ciudad para realizar un balance del fin de semana.<\/p>\n<p>\u201cTuvimos una muy buena convocatoria, buena aceptaci\u00f3n de los participantes, con alrededor de 200 pilotos\u201d, comenz\u00f3 detallando el promotor, recalcando que \u201csali\u00f3 todo b\u00e1rbaro, un fin de semana clim\u00e1ticamente hablando excelente, y deportivamente tambi\u00e9n, porque los competidores de punta son profesionales que corren a la par de amateurs\u201d.<\/p>\n<p>De lleno en la disputa que se dio con los que opinaban que el andar de las motos provocar\u00eda una contaminaci\u00f3n sonora y quer\u00edan, por ello, impedir su realizaci\u00f3n, el juninense cont\u00f3 en FM Vinilo 103.5 MHz que \u201cnos han dado una bienvenida b\u00e1rbara. Quedamos un poco en el medio de una discusi\u00f3n, pero nosotros sabemos lo que hacemos y queremos visitar cada lugar y devolverlo de la manera que lo encontramos, as\u00ed que se trabaj\u00f3 mucho en el cuidado del medio ambiente y en Costa Bonita qued\u00f3 hoy todo como estaba\u201d.<\/p>\n<p>\u201cLa verdad que no queremos ir en contra de los ambientalistas, respeto la postura de cada uno. Lo que digo es que se critic\u00f3 y se habl\u00f3 mucho de algo que no se conoc\u00eda, ahora se conoce y seguramente haya una pr\u00f3xima vez\u201d, se\u00f1al\u00f3, para agregar luego que \u201ctendr\u00edan que haber estado al lado nuestro viendo que \u00edbamos a hacer con la basura, que esto que abriste lo ten\u00e9s que dejar como estaba. Yo esperaba una ayuda de ese tipo y no una posici\u00f3n a todo\u201d, manifest\u00f3 el organizador, quien manifest\u00f3 que ese tipo de construcciones ciudadanas se deber\u00edan hacer desde el trabajo y no simplemente desde el impedimento.<\/p>\n<p>P\u00e1rrafo aparte dedic\u00f3 Urfini a la gente de la localidad, que \u201cnos apoy\u00f3 y nos ayud\u00f3 en todo. Los vecinos estuvieron mirando la carrera, el movimiento, colaborando. La verdad no s\u00e9 d\u00f3nde estaba la gente en contra de la carrera\u201d; y a las autoridades del municipio, quienes \u201cestuvieron continuamente avalando el proyecto y me dijeron vamos para adelante, estamos con la carrera, porque queremos promocionar a Necochea, queremos que la gente venga todo el a\u00f1o y no un turismo solamente de verano\u201d.<\/p>\n<p>La competencia Arena Series se divide en distintas categor\u00edas en las espacialidades Enduro y Quad, \u201cson dos carreras que duran aproximadamente una hora\u201d, explic\u00f3 el integrante de MX del Norte, advirtiendo sobre su nivel que \u201cel ganador de motos (Tom\u00e1s Conti) es de Pinamar, de punta en el plano nacional\u201d, mientras que \u201cNahuel Coleur, el (ganador) de cuatriciclos, sali\u00f3 dos veces tercero en el enduro de verano detr\u00e1s de los americanos, as\u00ed que es de lo mejor que tenemos hoy por hoy\u201d.<\/p>\n<p>Tras dejar abierta la posibilidad de volver a realizar algunas de las fechas de las competencias que desarrolla la entidad en las playas del distrito, Urfini termin\u00f3 brindando como dato alentador para la actividad comercial local que, seg\u00fan las estimaciones, solo como compa\u00f1\u00eda de los pilotos llegaron hasta Necochea unas mil personas durante este fin de semana.<\/p>\n","protected":false},"excerpt":{"rendered":"<p>Terminado el evento, Paul Urfini asegur\u00f3 respetar la postura de los ambientalistas, aunque se\u00f1al\u00f3 que, en vez de oponerse a todo, \u201ctendr\u00edan que haber estado al lado nuestro viendo que \u00edbamos a hacer con la basura\u201d. En cuanto al recibimiento por parte de los vecinos de la localidad: \u201cNos apoyaron y ayudaron en todo\u201d. Luego [&hellip;]<\/p>\n","protected":false},"author":3,"featured_media":90074,"comment_status":"closed","ping_status":"closed","sticky":false,"template":"","format":"standard","meta":{"footnotes":""},"categories":[3],"tags":[],"class_list":["post-90073","post","type-post","status-publish","format-standard","has-post-thumbnail","category-masnoticias"],"_links":{"self":[{"href":"https:\/\/primicias2262.com\/noticias\/wp-json\/wp\/v2\/posts\/90073","targetHints":{"allow":["GET"]}}],"collection":[{"href":"https:\/\/primicias2262.com\/noticias\/wp-json\/wp\/v2\/posts"}],"about":[{"href":"https:\/\/primicias2262.com\/noticias\/wp-json\/wp\/v2\/types\/post"}],"author":[{"embeddable":true,"href":"https:\/\/primicias2262.com\/noticias\/wp-json\/wp\/v2\/users\/3"}],"replies":[{"embeddable":true,"href":"https:\/\/primicias2262.com\/noticias\/wp-json\/wp\/v2\/comments?post=90073"}],"version-history":[{"count":0,"href":"https:\/\/primicias2262.com\/noticias\/wp-json\/wp\/v2\/posts\/90073\/revisions"}],"wp:attachment":[{"href":"https:\/\/primicias2262.com\/noticias\/wp-json\/wp\/v2\/media?parent=90073"}],"wp:term":[{"taxonomy":"category","embeddable":true,"href":"https:\/\/primicias2262.com\/noticias\/wp-json\/wp\/v2\/categories?post=90073"},{"taxonomy":"post_tag","embeddable":true,"href":"https:\/\/primicias2262.com\/noticias\/wp-json\/wp\/v2\/tags?post=90073"}],"curies":[{"name":"wp","href":"https:\/\/api.w.org\/{rel}","templated":true}]}}