{"id":90076,"date":"2022-05-23T12:50:57","date_gmt":"2022-05-23T15:50:57","guid":{"rendered":"https:\/\/primicias2262.com\/?p=90076"},"modified":"2022-05-23T12:50:57","modified_gmt":"2022-05-23T15:50:57","slug":"ultramaraton-de-rio-hondo-gran-victoria-de-horacio-tellechea-en-la-categoria-m50","status":"publish","type":"post","link":"https:\/\/primicias2262.com\/noticias\/ultramaraton-de-rio-hondo-gran-victoria-de-horacio-tellechea-en-la-categoria-m50\/","title":{"rendered":"Ultramarat\u00f3n de R\u00edo Hondo: gran victoria de Horacio Tellechea en la categor\u00eda M50"},"content":{"rendered":"<p><strong>El profesor y ultramaratonista necochense atraviesa un gran 2022 competitivo y en Santiago del Estero no s\u00f3lo se impuso en su categor\u00eda en el 3\u00ba Ultramarat\u00f3n Internacional Termas de R\u00edo Hondo, sino que logr\u00f3 un meritorio 7\u00ba puesto en la general, entre m\u00e1s de 400 corredores de diez pa\u00edses.<\/strong><\/p>\n<p>Luego de los exitosos pasos de Horacio por Puerto Madryn y Mar del Plata en las dos primeras fechas del Calendario nacional de Ultradistancia, llegaba el turno de Termas de R\u00edo Hondo, con el aut\u00f3dromo como sede, donde el necochense corri\u00f3 las 12 horas (tambi\u00e9n estaban las pruebas de 6 horas y 24 horas), y logr\u00f3 un muy buen tiempo, adem\u00e1s de ser el ganador de su categor\u00eda nuevamente.<\/p>\n<p><iframe loading=\"lazy\" title=\"ULTRA RIO HONDO: HORACIO TELLECHEA GANO LA CATEGORIA M 50 Y LLEGO NOVENO EN LA CLASIFICACION GENERAL\" width=\"696\" height=\"392\" src=\"https:\/\/www.youtube.com\/embed\/ZQtvNep8MJU?feature=oembed\" frameborder=\"0\" allow=\"accelerometer; autoplay; clipboard-write; encrypted-media; gyroscope; picture-in-picture\" allowfullscreen><\/iframe><\/p>\n<p>En comunicaci\u00f3n con elprovincial.com.ar, del periodista marcelo Muchi, Tellechea expres\u00f3 desde Termas de R\u00edo Hondo que \u201cme fue muy bien, pude meter una muy buena marca (122.2 kil\u00f3metros a un ritmo de 5.53 para las 12 horas) que realmente me reconforta resultando ganador en la categor\u00eda (M50) y s\u00e9ptimo en la clasificaci\u00f3n general entre deportistas de un nivel realmente impresionante\u201d.<\/p>\n<p>Posteriormente Horacio agreg\u00f3 que \u201cparticiparon atletas de 10 pa\u00edses, Paraguay, Uruguay, M\u00e9xico, Brasil, Colombia, Chile y Francia\u2026 con un alt\u00edsimo nivel competitivo donde se batieron muchos r\u00e9cords nacionales\u201d.<\/p>\n<p><a href=\"https:\/\/primicias2262.com\/wp-content\/uploads\/2022\/05\/WhatsApp-Image-2022-05-22-at-9.39.00-AM.jpeg\"><img loading=\"lazy\" decoding=\"async\" class=\"aligncenter size-large wp-image-90078\" src=\"https:\/\/primicias2262.com\/wp-content\/uploads\/2022\/05\/WhatsApp-Image-2022-05-22-at-9.39.00-AM-1024x530.jpeg\" alt=\"\" width=\"696\" height=\"360\" \/><\/a><\/p>\n<p>A su vez destac\u00f3 que \u201cfue una fiesta del deporte como nos tiene acostumbrados Termas de R\u00edo Hondo, que es el Marat\u00f3n m\u00e1s importante del continente no solamente en cuento a la calidad organizativa sino por su convocatoria donde en esta oportunidad hubo m\u00e1s de 400 atletas\u201d.<\/p>\n<p>Tellechea indic\u00f3 algo muy importante, y se trat\u00f3 de lo que califico como \u201cel dato saliente\u201d del evento: \u201cAl final del ultramarat\u00f3n se hizo presente la familia del querido Jos\u00e9 Ra\u00fal \u201cLito\u201d Morales y se le realiz\u00f3 un homenaje a este querido ultramartinista solidario de Santiago del Estero con quien compartimos una amistad muy grande\u201d.<\/p>\n<p><a href=\"https:\/\/primicias2262.com\/wp-content\/uploads\/2022\/05\/foto-ultra-de-termas.jpeg\"><img loading=\"lazy\" decoding=\"async\" class=\"aligncenter size-full wp-image-90077\" src=\"https:\/\/primicias2262.com\/wp-content\/uploads\/2022\/05\/foto-ultra-de-termas.jpeg\" alt=\"\" width=\"1024\" height=\"583\" \/><\/a><\/p>\n<p>Para finalizar, el conductor del programa Camino Ultra Vida por EL PROVINCIAL RADIO, destac\u00f3 que \u201cel Ultra tuvo un \u00e9xito rotundo y cont\u00f3 con el respaldo contundente del gobierno de Santiago del Estero a partir gobernador Gerardo Zamora\u201d.<\/p>\n","protected":false},"excerpt":{"rendered":"<p>El profesor y ultramaratonista necochense atraviesa un gran 2022 competitivo y en Santiago del Estero no s\u00f3lo se impuso en su categor\u00eda en el 3\u00ba Ultramarat\u00f3n Internacional Termas de R\u00edo Hondo, sino que logr\u00f3 un meritorio 7\u00ba puesto en la general, entre m\u00e1s de 400 corredores de diez pa\u00edses. Luego de los exitosos pasos de [&hellip;]<\/p>\n","protected":false},"author":3,"featured_media":78010,"comment_status":"closed","ping_status":"closed","sticky":false,"template":"","format":"standard","meta":{"footnotes":""},"categories":[3],"tags":[],"class_list":["post-90076","post","type-post","status-publish","format-standard","has-post-thumbnail","category-masnoticias"],"_links":{"self":[{"href":"https:\/\/primicias2262.com\/noticias\/wp-json\/wp\/v2\/posts\/90076","targetHints":{"allow":["GET"]}}],"collection":[{"href":"https:\/\/primicias2262.com\/noticias\/wp-json\/wp\/v2\/posts"}],"about":[{"href":"https:\/\/primicias2262.com\/noticias\/wp-json\/wp\/v2\/types\/post"}],"author":[{"embeddable":true,"href":"https:\/\/primicias2262.com\/noticias\/wp-json\/wp\/v2\/users\/3"}],"replies":[{"embeddable":true,"href":"https:\/\/primicias2262.com\/noticias\/wp-json\/wp\/v2\/comments?post=90076"}],"version-history":[{"count":0,"href":"https:\/\/primicias2262.com\/noticias\/wp-json\/wp\/v2\/posts\/90076\/revisions"}],"wp:attachment":[{"href":"https:\/\/primicias2262.com\/noticias\/wp-json\/wp\/v2\/media?parent=90076"}],"wp:term":[{"taxonomy":"category","embeddable":true,"href":"https:\/\/primicias2262.com\/noticias\/wp-json\/wp\/v2\/categories?post=90076"},{"taxonomy":"post_tag","embeddable":true,"href":"https:\/\/primicias2262.com\/noticias\/wp-json\/wp\/v2\/tags?post=90076"}],"curies":[{"name":"wp","href":"https:\/\/api.w.org\/{rel}","templated":true}]}}