{"id":90100,"date":"2022-05-24T13:46:13","date_gmt":"2022-05-24T16:46:13","guid":{"rendered":"https:\/\/primicias2262.com\/?p=90100"},"modified":"2022-05-24T13:46:13","modified_gmt":"2022-05-24T16:46:13","slug":"este-miercoles-se-realizara-con-normalidad-la-recoleccion-de-residuos","status":"publish","type":"post","link":"https:\/\/primicias2262.com\/noticias\/este-miercoles-se-realizara-con-normalidad-la-recoleccion-de-residuos\/","title":{"rendered":"Este mi\u00e9rcoles se realizar\u00e1 con normalidad la recolecci\u00f3n de residuos"},"content":{"rendered":"<p>El \u00c1rea municipal de Recolecci\u00f3n de Residuos, a cargo de Adri\u00e1n Ciancaglini, inform\u00f3 que a pesar del feriado nacional por el 212\u00ba Aniversario de la Revoluci\u00f3n de Mayo, este mi\u00e9rcoles 25 el servicio domiciliario se realizar\u00e1 de manera normal.<\/p>\n<p>As\u00ed se repite el esquema que se viene manteniendo los d\u00edas feriados para el servicio de recolecci\u00f3n de residuos.<\/p>\n<p><a href=\"https:\/\/primicias2262.com\/wp-content\/uploads\/2022\/05\/WhatsApp-Image-2022-05-24-at-11.54.21-AM.jpeg\"><img loading=\"lazy\" decoding=\"async\" class=\"aligncenter size-large wp-image-90101\" src=\"https:\/\/primicias2262.com\/wp-content\/uploads\/2022\/05\/WhatsApp-Image-2022-05-24-at-11.54.21-AM-1024x1024.jpeg\" alt=\"\" width=\"696\" height=\"696\" \/><\/a><\/p>\n","protected":false},"excerpt":{"rendered":"<p>El \u00c1rea municipal de Recolecci\u00f3n de Residuos, a cargo de Adri\u00e1n Ciancaglini, inform\u00f3 que a pesar del feriado nacional por el 212\u00ba Aniversario de la Revoluci\u00f3n de Mayo, este mi\u00e9rcoles 25 el servicio domiciliario se realizar\u00e1 de manera normal. As\u00ed se repite el esquema que se viene manteniendo los d\u00edas feriados para el servicio de [&hellip;]<\/p>\n","protected":false},"author":3,"featured_media":73164,"comment_status":"closed","ping_status":"closed","sticky":false,"template":"","format":"standard","meta":{"footnotes":""},"categories":[3],"tags":[],"class_list":["post-90100","post","type-post","status-publish","format-standard","has-post-thumbnail","category-masnoticias"],"_links":{"self":[{"href":"https:\/\/primicias2262.com\/noticias\/wp-json\/wp\/v2\/posts\/90100","targetHints":{"allow":["GET"]}}],"collection":[{"href":"https:\/\/primicias2262.com\/noticias\/wp-json\/wp\/v2\/posts"}],"about":[{"href":"https:\/\/primicias2262.com\/noticias\/wp-json\/wp\/v2\/types\/post"}],"author":[{"embeddable":true,"href":"https:\/\/primicias2262.com\/noticias\/wp-json\/wp\/v2\/users\/3"}],"replies":[{"embeddable":true,"href":"https:\/\/primicias2262.com\/noticias\/wp-json\/wp\/v2\/comments?post=90100"}],"version-history":[{"count":0,"href":"https:\/\/primicias2262.com\/noticias\/wp-json\/wp\/v2\/posts\/90100\/revisions"}],"wp:attachment":[{"href":"https:\/\/primicias2262.com\/noticias\/wp-json\/wp\/v2\/media?parent=90100"}],"wp:term":[{"taxonomy":"category","embeddable":true,"href":"https:\/\/primicias2262.com\/noticias\/wp-json\/wp\/v2\/categories?post=90100"},{"taxonomy":"post_tag","embeddable":true,"href":"https:\/\/primicias2262.com\/noticias\/wp-json\/wp\/v2\/tags?post=90100"}],"curies":[{"name":"wp","href":"https:\/\/api.w.org\/{rel}","templated":true}]}}