{"id":90103,"date":"2022-05-24T13:51:20","date_gmt":"2022-05-24T16:51:20","guid":{"rendered":"https:\/\/primicias2262.com\/?p=90103"},"modified":"2022-05-24T13:51:20","modified_gmt":"2022-05-24T16:51:20","slug":"fin-de-semana-a-puro-tango-y-milonga-en-el-centro-cultural","status":"publish","type":"post","link":"https:\/\/primicias2262.com\/noticias\/fin-de-semana-a-puro-tango-y-milonga-en-el-centro-cultural\/","title":{"rendered":"Fin de semana a puro tango y milonga en el Centro Cultural"},"content":{"rendered":"<p>El Centro Cultural Necochea Biblioteca Popular Andr\u00e9s Ferreyra (CCN\/BPAF) redobl\u00f3 la apuesta el \u00faltimo fin de semana con las presentaciones del cantor Cucuza Castiello, Nicol\u00e1s Perrone (bandone\u00f3n) y Juan Pablo Gallardo (piano) que resultaron un \u00e9xito. El viernes, se llev\u00f3 a cabo a sala llena, el recital en el marco del 100 x 100 Cultura; mientras que el s\u00e1bado, estuvo la Milonga \u201cLa Cultural\u201d donde los espectadores bailaron con la m\u00fasica en vivo, en un audit\u00f3rium ambientado para la ocasi\u00f3n.<\/p>\n<p>Los artistas interpretaron temas de Goyeneche, Negro Juarez, Troilo, Tito Reyes, Cad\u00edcamo, Juan D&#8217;Arienzo, Sandro y Babas\u00f3nicos entre otros. As\u00ed, se escucharon \u201cPor qu\u00e9 raz\u00f3n\u201d, \u201cPasional\u201d, \u201cPorque yo te amo\u201d, \u201cTrenza, \u201cGar\u00faa\u201d, \u201cMi Buenos Aires Querido\u201d, \u201cIrresponsables\u201d, adem\u00e1s de toda la grilla que fue a pedido del p\u00fablico.<\/p>\n<p>Castiello, quien pocas veces realiza conciertos fuera de la ciudad de Buenos Aires, puso todo en el escenario adem\u00e1s de interactuar permanentemente con el p\u00fablico, por lo que se llev\u00f3 aplausos y ovaciones. Por su parte, Perrone y Gallardo tambi\u00e9n interpretaron temas de manera instrumental.<\/p>\n<p>El broche de oro del fin de semana en el CCN\/BPAF fue la milonga del s\u00e1bado. La jornada comenz\u00f3 a las 21:30 horas con la m\u00fasica elegida por los organizadores: Agustina Russo y Mat\u00edas Alvarez. Mientras que a las 23:00, la banda subi\u00f3 al escenario, y el p\u00fablico bail\u00f3 hasta el cansancio.<\/p>\n<p>\u201cEstamos muy contentos porque nos recibieron hermoso, estamos estrenando este tr\u00edo, nos honra que nos hayan convocado\u201d, dijo Cucuza quien agradeci\u00f3 la invitaci\u00f3n por parte del CCN\/BPAF, en particular de su director Alberto Franco y de la Comisi\u00f3n Directiva encabezada por su presidente Juan Marraro.<\/p>\n","protected":false},"excerpt":{"rendered":"<p>El Centro Cultural Necochea Biblioteca Popular Andr\u00e9s Ferreyra (CCN\/BPAF) redobl\u00f3 la apuesta el \u00faltimo fin de semana con las presentaciones del cantor Cucuza Castiello, Nicol\u00e1s Perrone (bandone\u00f3n) y Juan Pablo Gallardo (piano) que resultaron un \u00e9xito. El viernes, se llev\u00f3 a cabo a sala llena, el recital en el marco del 100 x 100 Cultura; [&hellip;]<\/p>\n","protected":false},"author":3,"featured_media":90104,"comment_status":"closed","ping_status":"closed","sticky":false,"template":"","format":"standard","meta":{"footnotes":""},"categories":[3],"tags":[],"class_list":["post-90103","post","type-post","status-publish","format-standard","has-post-thumbnail","category-masnoticias"],"_links":{"self":[{"href":"https:\/\/primicias2262.com\/noticias\/wp-json\/wp\/v2\/posts\/90103","targetHints":{"allow":["GET"]}}],"collection":[{"href":"https:\/\/primicias2262.com\/noticias\/wp-json\/wp\/v2\/posts"}],"about":[{"href":"https:\/\/primicias2262.com\/noticias\/wp-json\/wp\/v2\/types\/post"}],"author":[{"embeddable":true,"href":"https:\/\/primicias2262.com\/noticias\/wp-json\/wp\/v2\/users\/3"}],"replies":[{"embeddable":true,"href":"https:\/\/primicias2262.com\/noticias\/wp-json\/wp\/v2\/comments?post=90103"}],"version-history":[{"count":0,"href":"https:\/\/primicias2262.com\/noticias\/wp-json\/wp\/v2\/posts\/90103\/revisions"}],"wp:attachment":[{"href":"https:\/\/primicias2262.com\/noticias\/wp-json\/wp\/v2\/media?parent=90103"}],"wp:term":[{"taxonomy":"category","embeddable":true,"href":"https:\/\/primicias2262.com\/noticias\/wp-json\/wp\/v2\/categories?post=90103"},{"taxonomy":"post_tag","embeddable":true,"href":"https:\/\/primicias2262.com\/noticias\/wp-json\/wp\/v2\/tags?post=90103"}],"curies":[{"name":"wp","href":"https:\/\/api.w.org\/{rel}","templated":true}]}}