{"id":90109,"date":"2022-05-24T15:10:48","date_gmt":"2022-05-24T18:10:48","guid":{"rendered":"https:\/\/primicias2262.com\/?p=90109"},"modified":"2022-05-24T15:10:48","modified_gmt":"2022-05-24T18:10:48","slug":"el-virologo-luis-schang-hablo-del-covid-se-sabia-que-esto-iba-a-ocurrir-pero-no-se-hizo-caso","status":"publish","type":"post","link":"https:\/\/primicias2262.com\/noticias\/el-virologo-luis-schang-hablo-del-covid-se-sabia-que-esto-iba-a-ocurrir-pero-no-se-hizo-caso\/","title":{"rendered":"El vir\u00f3logo Luis Schang habl\u00f3 del Covid: \u201cSe sab\u00eda que esto iba a ocurrir, pero no se hizo caso\u201d"},"content":{"rendered":"<p>En exclusiva para Voces de la Ciudad, el docente de la norteamericana Universidad de Cornell analiz\u00f3 la situaci\u00f3n epidemiol\u00f3gica y destac\u00f3 que la humanidad ha atravesado una pandemia cada cien a\u00f1os. Sobre la distribuci\u00f3n de vacunas opin\u00f3 que es \u201cuna deuda muy grande\u201d y la raz\u00f3n para que aun haya brotes peri\u00f3dicos: \u201cQue no haya en un continente, es un problema para todos\u201d.<\/p>\n<p>El necochense Luis Schang, catedr\u00e1tico en virolog\u00eda qu\u00edmica de la Universidad Cornell, en la ciudad norteamericana de Ithaca, habl\u00f3 de la actual situaci\u00f3n epidemiol\u00f3gica mundial y destac\u00f3 que la humanidad ha atravesado una pandemia cada cien a\u00f1os: \u201cSe sab\u00eda que esto iba a ocurrir, pero no se hizo caso. Era cuesti\u00f3n de tiempo y tuvimos dos alarmas tempranas en Hong Kong y Medio Oriente\u201d.<\/p>\n<p>Veterinario y profesor, el nacido en el Gran Buenos Aires y radicado desde sus 3 a\u00f1os en el distrito, migr\u00f3 en 1989 hacia Estados Unidos con el objetivo de doctorarse, aunque el destino le depar\u00f3 nuevos horizontes en Canad\u00e1, pa\u00eds del que es ciudadano. Hace poco m\u00e1s de un lustro, su pasi\u00f3n por la docencia lo deposit\u00f3 nuevamente en territorio de la potencia mundial, precisamente en la ciudad situada a orillas del lago Cayuga, en la parte central de Nueva York.<\/p>\n<p>En unmano a mano con el periodista Jorge G\u00f3mez, conductor del magazine local, Schang asegur\u00f3 que \u201cel virus ha seguido la evoluci\u00f3n normal que se esperaba. Est\u00e1 con nosotros y va a estar para siempre, y eso se sab\u00eda desde el brote en el norte de Italia a principios de 2020. Lo que ha cambiado mucho es que con la vacunaci\u00f3n la infecci\u00f3n ahora no es tan grave\u201d, simplific\u00f3.<\/p>\n<p>Adem\u00e1s, caracteriz\u00f3 las diferencias entre la inmunizaci\u00f3n, que es fundamental para la prevenci\u00f3n del virus, y los antivirales, que son furor en Norteam\u00e9rica y algunos pa\u00edses de Europa, y que son recomendables una vez infectado el paciente, ya que su funci\u00f3n es la de \u201cbloquear la replicaci\u00f3n viral, entonces la enfermedad es m\u00e1s liviana\u201d.<\/p>\n<p>Dejando algunas recomendaciones, el especialista afirm\u00f3 que \u201cpara la gente que est\u00e1 vacunada y toma precauciones m\u00ednimas el riesgo es bajo, cuantos m\u00e1s contactos individuales tenemos el riesgo es m\u00e1s alto\u201d, reconociendo que, avanzadas las investigaciones acerca del tema, \u201cevitar la entrada de un virus es imposible, cerrar los aeropuertos no sirve de nada\u00bb.<\/p>\n<p>\u00abEl tema es reforzar hospitales, guardias de seguridad, para que cuando se comiencen a detectar los primeros casos se pueda actuar de inmediato. Si el hospital no est\u00e1 preparado, ah\u00ed es donde se empieza a difundir el virus\u201d, enfatiz\u00f3.<\/p>\n<p>En cuanto a las consecuencias posteriores a la enfermedad, el cient\u00edfico revel\u00f3 que, \u201cprincipalmente, se observan problemas de insuficiencia respiratoria grave\u201d y que, entre las secuelas de largos plazo, se puede \u201cpadecer fatiga cr\u00f3nica muy fuerte, que es generalmente uno de los s\u00edntomas m\u00e1s graves\u201d, indicando que, desde el \u00e1mbito acad\u00e9mico y por la inmediatez del cuadro, \u201cno sabemos mucho de esto, porque son lesiones cr\u00f3nicas que quedan y no se sabe cu\u00e1nto tiempo llevan para curarse, o si se curan totalmente\u201d.<\/p>\n<p>Schang, adem\u00e1s de dar clases universitarias, trabaja en la investigaci\u00f3n de antivirales, \u201cprobamos mol\u00e9culas nuevas, tratamos de encontrar nuevas formas de atacar el virus\u201d. Desde su experiencia califica que \u201cel peligro es que hay decena de miles, sino cientos de miles, de virus en los animales que pueden contagiarse al hombre en cualquier momento. Cuando m\u00e1s nos metemos en el medio ambiente, porque nos vamos de vacaciones o hacemos agricultura, y m\u00e1s interconectado est\u00e1 el mundo, m\u00e1s probable que vayamos a descubrir un virus nuevo desparram\u00e1ndose\u201d.<\/p>\n<p>Y en ese marco, \u201cel Covid sirvi\u00f3 para despertarnos, pero no es nada nuevo. Poca gente sabe, pero hubo una epidemia de un coronavirus muy similar a la de ahora m\u00e1s o menos en 1870, en Holanda, que empez\u00f3 por las vacas. Lo que pasa es que, como el mundo no estaba tan interconectado, afect\u00f3 a Europa solamente. Ese coronavirus todav\u00eda lo tenemos, se llama OC43 y es uno de los resfr\u00edos comunes de invierno en todo el mundo\u201d, asegur\u00f3, prediciendo el futuro de la nueva variante.<\/p>\n<p>A modo de despedida, aunque no sin antes opinar que la viruela del mono, la nueva preocupaci\u00f3n sanitaria global, \u201ces una enfermedad mayormente benigna y sin consecuencias que se conoce desde 2018, nunca se control\u00f3 y al descubrirse un caso estamos todos busc\u00e1ndola y nos encontramos que se hab\u00eda difundido m\u00e1s de lo pensado\u201d; el vir\u00f3logo habl\u00f3 de lo injusto de la distribuci\u00f3n de las vacunas a nivel mundial y las consecuencias que puede acarrear.<\/p>\n<p>\u201cSigue siendo una deuda muy grande. La raz\u00f3n por la que sigue clasificado de pandemia el Covid y dando vueltas con brotes peri\u00f3dicos es porque hay una gran parte del mundo, los pa\u00edses de menos recursos, que todav\u00eda no tienen cobertura de vacunaci\u00f3n\u201d. Hoy en d\u00eda, \u201cel mundo est\u00e1 muy interconectado, entonces, que no haya vacunas en un continente, es un problema para todos\u201d, calific\u00f3.<\/p>\n","protected":false},"excerpt":{"rendered":"<p>En exclusiva para Voces de la Ciudad, el docente de la norteamericana Universidad de Cornell analiz\u00f3 la situaci\u00f3n epidemiol\u00f3gica y destac\u00f3 que la humanidad ha atravesado una pandemia cada cien a\u00f1os. Sobre la distribuci\u00f3n de vacunas opin\u00f3 que es \u201cuna deuda muy grande\u201d y la raz\u00f3n para que aun haya brotes peri\u00f3dicos: \u201cQue no haya [&hellip;]<\/p>\n","protected":false},"author":3,"featured_media":90110,"comment_status":"closed","ping_status":"closed","sticky":false,"template":"","format":"standard","meta":{"footnotes":""},"categories":[3],"tags":[],"class_list":["post-90109","post","type-post","status-publish","format-standard","has-post-thumbnail","category-masnoticias"],"_links":{"self":[{"href":"https:\/\/primicias2262.com\/noticias\/wp-json\/wp\/v2\/posts\/90109","targetHints":{"allow":["GET"]}}],"collection":[{"href":"https:\/\/primicias2262.com\/noticias\/wp-json\/wp\/v2\/posts"}],"about":[{"href":"https:\/\/primicias2262.com\/noticias\/wp-json\/wp\/v2\/types\/post"}],"author":[{"embeddable":true,"href":"https:\/\/primicias2262.com\/noticias\/wp-json\/wp\/v2\/users\/3"}],"replies":[{"embeddable":true,"href":"https:\/\/primicias2262.com\/noticias\/wp-json\/wp\/v2\/comments?post=90109"}],"version-history":[{"count":0,"href":"https:\/\/primicias2262.com\/noticias\/wp-json\/wp\/v2\/posts\/90109\/revisions"}],"wp:attachment":[{"href":"https:\/\/primicias2262.com\/noticias\/wp-json\/wp\/v2\/media?parent=90109"}],"wp:term":[{"taxonomy":"category","embeddable":true,"href":"https:\/\/primicias2262.com\/noticias\/wp-json\/wp\/v2\/categories?post=90109"},{"taxonomy":"post_tag","embeddable":true,"href":"https:\/\/primicias2262.com\/noticias\/wp-json\/wp\/v2\/tags?post=90109"}],"curies":[{"name":"wp","href":"https:\/\/api.w.org\/{rel}","templated":true}]}}