{"id":90112,"date":"2022-05-24T18:44:37","date_gmt":"2022-05-24T21:44:37","guid":{"rendered":"https:\/\/primicias2262.com\/?p=90112"},"modified":"2022-05-24T18:44:37","modified_gmt":"2022-05-24T21:44:37","slug":"rojas-se-comprometio-a-seguir-girando-los-fondos-al-ente-vial-y-anuncio-la-compra-de-una-motoniveladora","status":"publish","type":"post","link":"https:\/\/primicias2262.com\/noticias\/rojas-se-comprometio-a-seguir-girando-los-fondos-al-ente-vial-y-anuncio-la-compra-de-una-motoniveladora\/","title":{"rendered":"Rojas se comprometi\u00f3 a seguir girando los fondos al Ente Vial y anunci\u00f3 la compra de una motoniveladora"},"content":{"rendered":"<p><strong>El intendente Arturo Rojas se comprometi\u00f3 a seguir girando los fondos correspondientes para que el ente siga operativo como hasta ahora, al tiempo que les asegur\u00f3 la compra de una motoniveladora nueva. \u00a0No obstante, \u201cla idea tambi\u00e9n es explicar la problem\u00e1tica que muchas veces tiene el municipio y que debe atender en cuanto a otros servicios\u201d, afirm\u00f3 tras la reuni\u00f3n el secretario de Obras P\u00fablicas, Adri\u00e1n Furno.<\/strong><\/p>\n<p>El jefe comunal se reuni\u00f3 el consejo de comisi\u00f3n del Ente Vial y su presidente Sergio Giorello, oportunidad en la que en el marco de una rendici\u00f3n de cuentas se les mostr\u00f3 los n\u00fameros del municipio desde su creaci\u00f3n, que fue en el a\u00f1o 2010, y su evoluci\u00f3n hasta el 2021.<\/p>\n<p>Tras el encuentro que tuvo lugar en el Sal\u00f3n de Actos, el secretario de Planeamiento y Obras P\u00fablicas, Adri\u00e1n Furno, destac\u00f3 que \u201cel ente recibe una afectaci\u00f3n de entre el 2 y el 4%, y en ese aspecto se habl\u00f3 sobre las devoluciones y c\u00f3mo ha ido evolucionando el giro de fondos del municipio durante todos estos a\u00f1os\u201d y en ese marco \u201csobre c\u00f3mo ha ido evolucionando en el \u00faltimo tramo de la gesti\u00f3n actual\u201d.<\/p>\n<p>\u201cLa idea es mandar los recursos al ente para que se muestre operativo como hasta ahora y, a su vez, mejorar el equipamiento, pero tambi\u00e9n es explicar la problem\u00e1tica que muchas veces tiene el municipio y que debe atender en cuanto a otros servicios \u201cagreg\u00f3 Furno.<\/p>\n<p>Para cerrar, record\u00f3 que con esta gesti\u00f3n \u201cel ente cobr\u00f3 casi 25 millones de pesos que se le deb\u00eda del fondo compensador de Provincia\u201d de anteriores gobiernos, al tiempo que admiti\u00f3 que \u201ccon respecto a la tasa, el 100% que paga el productor es cierto que no le vuelve todo porque hay gastos extras como la adquisici\u00f3n de tosca por ejemplo o seguros de veh\u00edculos\u201d.<\/p>\n<p>Asimismo, el funcionario puso de relieve que \u201cel Intendente manifest\u00f3 la posibilidad de ir girando la mayor cantidad de recursos por el muy buen trabajo que vienen haciendo, adem\u00e1s de asegurarles que har\u00e1 gestiones para la compra de una nueva motoniveladora, lo que tambi\u00e9n favorece al interior que muchas veces se hace de maquinaria que va dejando el ente\u201d.<\/p>\n","protected":false},"excerpt":{"rendered":"<p>El intendente Arturo Rojas se comprometi\u00f3 a seguir girando los fondos correspondientes para que el ente siga operativo como hasta ahora, al tiempo que les asegur\u00f3 la compra de una motoniveladora nueva. \u00a0No obstante, \u201cla idea tambi\u00e9n es explicar la problem\u00e1tica que muchas veces tiene el municipio y que debe atender en cuanto a otros [&hellip;]<\/p>\n","protected":false},"author":3,"featured_media":90113,"comment_status":"closed","ping_status":"closed","sticky":false,"template":"","format":"standard","meta":{"footnotes":""},"categories":[3],"tags":[],"class_list":["post-90112","post","type-post","status-publish","format-standard","has-post-thumbnail","category-masnoticias"],"_links":{"self":[{"href":"https:\/\/primicias2262.com\/noticias\/wp-json\/wp\/v2\/posts\/90112","targetHints":{"allow":["GET"]}}],"collection":[{"href":"https:\/\/primicias2262.com\/noticias\/wp-json\/wp\/v2\/posts"}],"about":[{"href":"https:\/\/primicias2262.com\/noticias\/wp-json\/wp\/v2\/types\/post"}],"author":[{"embeddable":true,"href":"https:\/\/primicias2262.com\/noticias\/wp-json\/wp\/v2\/users\/3"}],"replies":[{"embeddable":true,"href":"https:\/\/primicias2262.com\/noticias\/wp-json\/wp\/v2\/comments?post=90112"}],"version-history":[{"count":0,"href":"https:\/\/primicias2262.com\/noticias\/wp-json\/wp\/v2\/posts\/90112\/revisions"}],"wp:attachment":[{"href":"https:\/\/primicias2262.com\/noticias\/wp-json\/wp\/v2\/media?parent=90112"}],"wp:term":[{"taxonomy":"category","embeddable":true,"href":"https:\/\/primicias2262.com\/noticias\/wp-json\/wp\/v2\/categories?post=90112"},{"taxonomy":"post_tag","embeddable":true,"href":"https:\/\/primicias2262.com\/noticias\/wp-json\/wp\/v2\/tags?post=90112"}],"curies":[{"name":"wp","href":"https:\/\/api.w.org\/{rel}","templated":true}]}}