{"id":90127,"date":"2022-05-25T15:49:37","date_gmt":"2022-05-25T18:49:37","guid":{"rendered":"https:\/\/primicias2262.com\/?p=90127"},"modified":"2022-05-25T15:49:37","modified_gmt":"2022-05-25T18:49:37","slug":"en-quequen-todos-los-dias-tratamos-de-sumar-algo-para-seguir-creciendo","status":"publish","type":"post","link":"https:\/\/primicias2262.com\/noticias\/en-quequen-todos-los-dias-tratamos-de-sumar-algo-para-seguir-creciendo\/","title":{"rendered":"En Quequ\u00e9n, \u201ctodos los d\u00edas tratamos de sumar algo para seguir creciendo\u201d"},"content":{"rendered":"<p>Hern\u00e1n Rodr\u00edguez evalu\u00f3 sus primeros cinco meses al frente de la Delegaci\u00f3n y remarc\u00f3 que \u201cel planteo de la gente com\u00fan es tener lo b\u00e1sico, el agua, la cloaca, la iluminaci\u00f3n, poder circular por las calles\u201d. En ese aspecto, \u201ces muy dif\u00edcil estar en todos lados, pero a todo el mundo se le est\u00e1 llegando con algo\u201d.<\/p>\n<p>El delegado de Quequ\u00e9n, Hern\u00e1n Rodr\u00edguez, visit\u00f3 los estudios de Voces de la Ciudad con el objetivo de hacer un balance de su primeros cinco meses de gesti\u00f3n al frente de la dependencia municipal, un periodo en el que los vecinos han notado avances y ya se referencian en la figura de quien supo ser hasta diciembre pasado el jefe de Operaciones de una importante empresa del sector portuario.<\/p>\n<p>Entonces, primero, el ahora funcionario record\u00f3 c\u00f3mo fue su llegada al mundo de lo p\u00fablico y cu\u00e1les sus primeras inclinaciones ante la invitaci\u00f3n del intendente Arturo Rojas. \u201cRealmente me sorprendi\u00f3 un poco la convocatoria, porque es un cambio enorme desde la actividad privada\u201d, pero \u201cacept\u00e9 el desaf\u00edo porque quiero a Quequ\u00e9n y quiero verla pujante, que la gente est\u00e9 orgullosa de vivir ac\u00e1\u201d, asegur\u00f3 en el aire de FM Vinilo 103.5 MHz.<\/p>\n<p>Sobre sus d\u00edas trabajo, explic\u00f3 que arrancan bien temprano, \u201cllego a la oficina cerca de las 7 y ya hay gente esperando\u201d, revel\u00f3 el titular de la Delegaci\u00f3n sobre una de las modalidades m\u00e1s llamativas que adopt\u00f3 en su direcci\u00f3n, mediante la cual recibe a cada vecino que se acerca a plantearle una problem\u00e1tica o le lleva un proyecto.<\/p>\n<p>\u201cAl mediod\u00eda voy a la Municipalidad a plantear los reclamos en cada \u00e1rea y a la tarde sigo visitando gente u ocup\u00e1ndome de lo que me pidieron\u201d, redonde\u00f3 Rodr\u00edguez sobre su jornada laboral, aclarando que \u201cme gusta mirar a los vecinos a la cara\u201d y que \u201cdesde que inici\u00e9 el trabajo han sido incre\u00edbles los cambios, todos los d\u00edas se aprende algo nuevo y tratamos de sumar algo para seguir creciendo\u201d.<\/p>\n<p>\u201cEl planteo de la gente com\u00fan es tener lo b\u00e1sico, el agua, la cloaca, la iluminaci\u00f3n, poder circular por las calles\u201d, explic\u00f3 el Delegado sobre la situaci\u00f3n con la que se encontr\u00f3, aunque mucho ya era conocido para \u00e9l de tanto andar por las calles de su querida ciudad natal.<\/p>\n<p>Para empezar a dar vuelta esta continua dejadez, \u201cel acompa\u00f1amiento de la Municipalidad es incre\u00edble y se vienen haciendo muchos arreglos de bacheo en pozos que eran de siempre\u201d y, aunque \u201ces muy dif\u00edcil estar a todos lados, porque Quequ\u00e9n es muy grande y no solamente la playa, a todo el mundo se le est\u00e1 llegando con algo, con cloacas o con agua, con luminaria o con arreglo de calles\u201d, determin\u00f3 el funcionario.<\/p>\n<p>Tambi\u00e9n siempre ha sido tema de alerta en las diferentes administraciones municipales la cobrabilidad hist\u00f3ricamente baja de las tasas en la vecina orilla, considerando el actual responsable de la representaci\u00f3n comunal que para mejorar en ese aspecto primero \u201ctenemos que recuperar la confianza de la gente\u201d.<\/p>\n<p>Asegur\u00f3 que, por los cambios ya vistos y la respuesta de los vecinos, \u201cel mes que viene vamos a tener un mejor \u00edndice y yo creo el n\u00famero va a ir aumentado\u201d, se esperanz\u00f3, recordando que los trabajos diarios del municipio se financian con el esfuerzo de cada ciudadano que aporta recursos a trav\u00e9s de sus impuestos.<\/p>\n","protected":false},"excerpt":{"rendered":"<p>Hern\u00e1n Rodr\u00edguez evalu\u00f3 sus primeros cinco meses al frente de la Delegaci\u00f3n y remarc\u00f3 que \u201cel planteo de la gente com\u00fan es tener lo b\u00e1sico, el agua, la cloaca, la iluminaci\u00f3n, poder circular por las calles\u201d. En ese aspecto, \u201ces muy dif\u00edcil estar en todos lados, pero a todo el mundo se le est\u00e1 llegando [&hellip;]<\/p>\n","protected":false},"author":3,"featured_media":90128,"comment_status":"closed","ping_status":"closed","sticky":false,"template":"","format":"standard","meta":{"footnotes":""},"categories":[3],"tags":[],"class_list":["post-90127","post","type-post","status-publish","format-standard","has-post-thumbnail","category-masnoticias"],"_links":{"self":[{"href":"https:\/\/primicias2262.com\/noticias\/wp-json\/wp\/v2\/posts\/90127","targetHints":{"allow":["GET"]}}],"collection":[{"href":"https:\/\/primicias2262.com\/noticias\/wp-json\/wp\/v2\/posts"}],"about":[{"href":"https:\/\/primicias2262.com\/noticias\/wp-json\/wp\/v2\/types\/post"}],"author":[{"embeddable":true,"href":"https:\/\/primicias2262.com\/noticias\/wp-json\/wp\/v2\/users\/3"}],"replies":[{"embeddable":true,"href":"https:\/\/primicias2262.com\/noticias\/wp-json\/wp\/v2\/comments?post=90127"}],"version-history":[{"count":0,"href":"https:\/\/primicias2262.com\/noticias\/wp-json\/wp\/v2\/posts\/90127\/revisions"}],"wp:attachment":[{"href":"https:\/\/primicias2262.com\/noticias\/wp-json\/wp\/v2\/media?parent=90127"}],"wp:term":[{"taxonomy":"category","embeddable":true,"href":"https:\/\/primicias2262.com\/noticias\/wp-json\/wp\/v2\/categories?post=90127"},{"taxonomy":"post_tag","embeddable":true,"href":"https:\/\/primicias2262.com\/noticias\/wp-json\/wp\/v2\/tags?post=90127"}],"curies":[{"name":"wp","href":"https:\/\/api.w.org\/{rel}","templated":true}]}}