{"id":90130,"date":"2022-05-25T15:55:01","date_gmt":"2022-05-25T18:55:01","guid":{"rendered":"https:\/\/primicias2262.com\/?p=90130"},"modified":"2022-05-25T15:55:01","modified_gmt":"2022-05-25T18:55:01","slug":"rojas-llamo-a-construir-la-argentina-y-la-necochea-que-queremos-sin-banderias-politicas","status":"publish","type":"post","link":"https:\/\/primicias2262.com\/noticias\/rojas-llamo-a-construir-la-argentina-y-la-necochea-que-queremos-sin-banderias-politicas\/","title":{"rendered":"Rojas llam\u00f3 a construir \u201cla Argentina y la Necochea que queremos, sin bander\u00edas pol\u00edticas\u201d"},"content":{"rendered":"<p><strong>El intendente Arturo Rojas dio su discurso por la fecha patria, momento en el que realiz\u00f3 un trazo hist\u00f3rico, reivindic\u00f3 puntualmente el rol de la mujer en estos sucesos, invisibilizada por la historia oficial, y apunt\u00f3 a la actualidad: \u201cCuando miramos la Argentina que hoy tenemos realmente nos duele, y no hablo de ning\u00fan gobierno en particular porque hace mucho que a nuestro pa\u00eds le hacen falta otro tipo de pol\u00edticas\u201d, afirm\u00f3.<\/strong><\/p>\n<p>A sala llena en el Teatro Municipal Luis Sandrini, el jefe comunal encabez\u00f3 anoche el acto oficial por el 25 de Mayo, ocasi\u00f3n en la que durante dos horas se presentaron n\u00fameros art\u00edsticos locales con m\u00fasica alusiva a la fecha patria, resaltando, como en cada una de ellas, el sentido de pertenencia.<\/p>\n<p>Como corolario del encuentro protocolar, Rojas brind\u00f3 su discurso, momento en el que realiz\u00f3 un trazo hist\u00f3rico y asegur\u00f3 que \u201cse me ocurri\u00f3 hablar un poco m\u00e1s del presente, sabiendo que hubo varios acontecimientos que nos llevaron a lograr el primer gobierno patrio, con el levantamiento de muchos hombres y mujeres que pusieron fuerza, coraje y valent\u00eda para llegar a\u00f1os m\u00e1s tarde a la Revoluci\u00f3n del 25 de Mayo\u201d.<\/p>\n<p>Acto seguido, el m\u00e1ximo mandatario destac\u00f3, como a\u00f1adidura a lo anterior, a Manuel Belgrano y a Mariano Moreno, pero tambi\u00e9n \u201ca muchas mujeres\u201d porque \u201cpor ah\u00ed la historia como nos las contaban a nosotros, o a nuestros padres y abuelos, invisibilizaba la importancia que tuvieron, y a partir del revisionismo hist\u00f3rico hoy, las generaciones actuales, las reconocen y reivindican su rol a lo largo de la historia\u201d.<\/p>\n<p>Minutos antes de las 0, los presentes, entre los que tambi\u00e9n hab\u00eda funcionarios y concejales, adem\u00e1s de muchos vecinos que acompa\u00f1aron la gala organizada desde la comuna, entonaron las estrofas del Himno Nacional Argentino, interpretado por el pianista Sergio \u00c1lvarez y la danza de Bel\u00e9n Serre.<\/p>\n","protected":false},"excerpt":{"rendered":"<p>El intendente Arturo Rojas dio su discurso por la fecha patria, momento en el que realiz\u00f3 un trazo hist\u00f3rico, reivindic\u00f3 puntualmente el rol de la mujer en estos sucesos, invisibilizada por la historia oficial, y apunt\u00f3 a la actualidad: \u201cCuando miramos la Argentina que hoy tenemos realmente nos duele, y no hablo de ning\u00fan gobierno [&hellip;]<\/p>\n","protected":false},"author":3,"featured_media":90131,"comment_status":"closed","ping_status":"closed","sticky":false,"template":"","format":"standard","meta":{"footnotes":""},"categories":[3],"tags":[],"class_list":["post-90130","post","type-post","status-publish","format-standard","has-post-thumbnail","category-masnoticias"],"_links":{"self":[{"href":"https:\/\/primicias2262.com\/noticias\/wp-json\/wp\/v2\/posts\/90130","targetHints":{"allow":["GET"]}}],"collection":[{"href":"https:\/\/primicias2262.com\/noticias\/wp-json\/wp\/v2\/posts"}],"about":[{"href":"https:\/\/primicias2262.com\/noticias\/wp-json\/wp\/v2\/types\/post"}],"author":[{"embeddable":true,"href":"https:\/\/primicias2262.com\/noticias\/wp-json\/wp\/v2\/users\/3"}],"replies":[{"embeddable":true,"href":"https:\/\/primicias2262.com\/noticias\/wp-json\/wp\/v2\/comments?post=90130"}],"version-history":[{"count":0,"href":"https:\/\/primicias2262.com\/noticias\/wp-json\/wp\/v2\/posts\/90130\/revisions"}],"wp:attachment":[{"href":"https:\/\/primicias2262.com\/noticias\/wp-json\/wp\/v2\/media?parent=90130"}],"wp:term":[{"taxonomy":"category","embeddable":true,"href":"https:\/\/primicias2262.com\/noticias\/wp-json\/wp\/v2\/categories?post=90130"},{"taxonomy":"post_tag","embeddable":true,"href":"https:\/\/primicias2262.com\/noticias\/wp-json\/wp\/v2\/tags?post=90130"}],"curies":[{"name":"wp","href":"https:\/\/api.w.org\/{rel}","templated":true}]}}