{"id":90133,"date":"2022-05-25T16:02:00","date_gmt":"2022-05-25T19:02:00","guid":{"rendered":"https:\/\/primicias2262.com\/?p=90133"},"modified":"2022-05-25T16:02:00","modified_gmt":"2022-05-25T19:02:00","slug":"ayudar-a-la-comunidad-durante-la-pandemia-fue-de-los-mejores-campeonatos-que-pudo-haber-ganado-ministerio","status":"publish","type":"post","link":"https:\/\/primicias2262.com\/noticias\/ayudar-a-la-comunidad-durante-la-pandemia-fue-de-los-mejores-campeonatos-que-pudo-haber-ganado-ministerio\/","title":{"rendered":"Ayudar a la comunidad durante la pandemia \u201cfue de los mejores campeonatos que pudo haber ganado Ministerio\u201d"},"content":{"rendered":"<p>Al despedir el operativo de vacunaci\u00f3n, que desde este jueves tendr\u00e1 como \u00fanica posta al Hospital Modular, el presidente del Club Ministerio,Mario Wilghenoff, revaloriz\u00f3 el rol social y solidario de la entidad que preside.<\/p>\n<p><a href=\"https:\/\/primicias2262.com\/wp-content\/uploads\/2022\/05\/WhatsApp-Image-2022-05-24-at-7.19.27-PM.jpeg\"><img loading=\"lazy\" decoding=\"async\" class=\"alignleft size-medium wp-image-90134\" src=\"https:\/\/primicias2262.com\/wp-content\/uploads\/2022\/05\/WhatsApp-Image-2022-05-24-at-7.19.27-PM-300x169.jpeg\" alt=\"\" width=\"300\" height=\"169\" \/><\/a>Militante peronista de toda la vida, el dirigente tambi\u00e9n habl\u00f3 de la interna en el Frente de Todos y destac\u00f3 la gesti\u00f3n del intendente Rojas.<\/p>\n<p>Pasado el mediod\u00eda de este martes se puso punto final a la parte del operativo de vacunaci\u00f3n contra el Covid-19 que ten\u00eda al Club Ministerio de Obras P\u00fablicas de Quequ\u00e9n como una de sus postas de referencia, centraliz\u00e1ndose desde este jueves toda la atenci\u00f3n en el Hospital Modular de Necochea, seg\u00fan inform\u00f3 esta ma\u00f1ana la Secretar\u00eda de Salud de la comuna.<\/p>\n<p>Tras agradecer a todo el personal que hizo posible poner en marcha este accionar en la sede, tanto como a las autoridades y concejales que confiaron en la instituci\u00f3n, Mario Wilghenoff asegur\u00f3 en el programa Voces de la Ciudad que, por el perfil social y solidario que quieren imprimirle, \u201chaber podido colaborar con la sociedad en un momento tan dif\u00edcil fue de los mejores campeonatos que puede haber ganado Ministerio\u201d.<\/p>\n<p>A un d\u00eda de enfrentarse con su cl\u00e1sico rival (jugar\u00e1 de visitante contra Estaci\u00f3n Quequ\u00e9n en la tarde de este 25 de mayo), en el aspecto deportivo, el presidente del Decano asegur\u00f3 que es un deseo de la actual dirigencia poder ampliar la actividad hacia la pr\u00e1ctica de distintas disciplinas: \u201cHoy solo tenemos f\u00fatbol, pero esperamos que en el futuro se puedan hacer otros deportes, incluir m\u00e1s a la mujer, encontrar alg\u00fan lugar cerrado\u201d, detall\u00f3.<\/p>\n<p>En estos pocos a\u00f1os en los que el empleado retirado de la Usina Popular Cooperativa ha podido comandar los destinos del club quequenense el crecimiento infraestructural ha sido notorio, con el cerramiento de dos canchas auxiliares, y la iluminaci\u00f3n de una, la renovaci\u00f3n de la casa de los cuidadores, una nueva \u00e1rea de fogones, el cambio de cubiertas en la sede de Avenida 554 y las actuales gestiones con la empresa Nequ\u00e9n y los organizadores de la Sur Cup para llevar adelante la construcci\u00f3n de un merendero cantina.<\/p>\n<p>Sobre esta innovadora aventura, \u201cla idea es que los pibes, cuando terminen el f\u00fatbol infantil los s\u00e1bados, puedan invitar a sus circunstanciales rivales a compartir una merienda, algo muy importante en estos momentos donde la convivencia deportiva tiene que ser un ejemplo\u201d, asever\u00f3 el dirigente, contando que eso servir\u00e1 para seguir trasmitiendo \u201clos mejores valores del deporte. Porque los vicios siempre est\u00e1n dando vueltas, y un chico m\u00e1s en el club es uno menos en la calle. Y para nosotros eso es fundamental\u201d.<\/p>\n<p><strong>Militancia peronista y actualidad pol\u00edtica<\/strong><\/p>\n<p>Adem\u00e1s de ser el presidente del club de sus amores, Wilghenoff ha sabido invertir su tiempo en otra pasi\u00f3n: la pol\u00edtica. Militante peronista desde muy jovencito, el dirigente ha formado parte de listas legislativas y acompa\u00f1ado a distintos candidatos. Eso revaloriza su an\u00e1lisis del actual panorama a nivel nacional y tambi\u00e9n local.<\/p>\n<p>En el primero de los planos, \u201ccon esta interna que est\u00e1 teniendo, el Frente de Todos no est\u00e1 dando la mejor imagen y no estamos cumpliendo con esa promesa de campa\u00f1a que se le hizo a la gente. No s\u00e9 c\u00f3mo va a terminar, espero que de la mejor manera posible, no solo para el Frente sino por sobre todas las cosas para el pueblo argentino\u201d, opin\u00f3.<\/p>\n<p>Contrariado con la situaci\u00f3n, el dirigente se\u00f1al\u00f3: \u201cHace dos meses escuch\u00e9 que empezaba la batalla contra la inflaci\u00f3n, pero parece que la sigue ganando la inflaci\u00f3n y, mientras tengamos ese nivel, va a haber m\u00e1s cantidad de gente pobre y m\u00e1s dificultades para todos, porque la inflaci\u00f3n no te permite que vengan empresas a radicarse, un sinn\u00famero de cosas te proh\u00edbe, mientas no logremos trabajar sobre ese tema, que es prioritario, vamos a seguir como estamos\u201d.<\/p>\n<p>Finalmente, el titular del Decano dedic\u00f3 un p\u00e1rrafo para hablar de la actualidad local. Elogiando primero la tarea del delegado Hern\u00e1n Rodr\u00edguez, Wilghenoff opin\u00f3: \u201cEn Necochea veo que hay una gesti\u00f3n llevada adelante por el Intendente (Arturo Rojas) que me parece buena, se est\u00e1 viendo obra p\u00fablica, reparaciones de calles hist\u00f3ricamente da\u00f1adas, y tambi\u00e9n veo mucho movimiento en Quequ\u00e9n\u201d, asegur\u00f3.<\/p>\n","protected":false},"excerpt":{"rendered":"<p>Al despedir el operativo de vacunaci\u00f3n, que desde este jueves tendr\u00e1 como \u00fanica posta al Hospital Modular, el presidente del Club Ministerio,Mario Wilghenoff, revaloriz\u00f3 el rol social y solidario de la entidad que preside. Militante peronista de toda la vida, el dirigente tambi\u00e9n habl\u00f3 de la interna en el Frente de Todos y destac\u00f3 la [&hellip;]<\/p>\n","protected":false},"author":3,"featured_media":77146,"comment_status":"closed","ping_status":"closed","sticky":false,"template":"","format":"standard","meta":{"footnotes":""},"categories":[3],"tags":[],"class_list":["post-90133","post","type-post","status-publish","format-standard","has-post-thumbnail","category-masnoticias"],"_links":{"self":[{"href":"https:\/\/primicias2262.com\/noticias\/wp-json\/wp\/v2\/posts\/90133","targetHints":{"allow":["GET"]}}],"collection":[{"href":"https:\/\/primicias2262.com\/noticias\/wp-json\/wp\/v2\/posts"}],"about":[{"href":"https:\/\/primicias2262.com\/noticias\/wp-json\/wp\/v2\/types\/post"}],"author":[{"embeddable":true,"href":"https:\/\/primicias2262.com\/noticias\/wp-json\/wp\/v2\/users\/3"}],"replies":[{"embeddable":true,"href":"https:\/\/primicias2262.com\/noticias\/wp-json\/wp\/v2\/comments?post=90133"}],"version-history":[{"count":0,"href":"https:\/\/primicias2262.com\/noticias\/wp-json\/wp\/v2\/posts\/90133\/revisions"}],"wp:attachment":[{"href":"https:\/\/primicias2262.com\/noticias\/wp-json\/wp\/v2\/media?parent=90133"}],"wp:term":[{"taxonomy":"category","embeddable":true,"href":"https:\/\/primicias2262.com\/noticias\/wp-json\/wp\/v2\/categories?post=90133"},{"taxonomy":"post_tag","embeddable":true,"href":"https:\/\/primicias2262.com\/noticias\/wp-json\/wp\/v2\/tags?post=90133"}],"curies":[{"name":"wp","href":"https:\/\/api.w.org\/{rel}","templated":true}]}}