{"id":90136,"date":"2022-05-25T16:08:32","date_gmt":"2022-05-25T19:08:32","guid":{"rendered":"https:\/\/primicias2262.com\/?p=90136"},"modified":"2022-05-25T16:08:32","modified_gmt":"2022-05-25T19:08:32","slug":"recibieron-el-dia-de-la-patria-con-musica-y-solidaridad","status":"publish","type":"post","link":"https:\/\/primicias2262.com\/noticias\/recibieron-el-dia-de-la-patria-con-musica-y-solidaridad\/","title":{"rendered":"Recibieron el D\u00eda de la Patria con m\u00fasica y solidaridad"},"content":{"rendered":"<p>Para celebrar este 25 de Mayo, donde se record\u00f3 la Revoluci\u00f3n de Mayo que comenz\u00f3 a hacernos libres, el Espacio en Com\u00fan realiz\u00f3 un evento cultural y solidario en el espacio La Minga, junto a amigos y compa\u00f1eros.<\/p>\n<p>Facundo Moreno y Mario Gim\u00e9nez fueron los encargados de ponerle m\u00fasica a una noche diferente en el local de calle 66 N\u00b0 3256, donde a las 0 horas se recibi\u00f3 el D\u00eda de la Patria con el himno nacional argentino, en la versi\u00f3n realizada por Charly Garc\u00eda.<\/p>\n<p>A la vez, la velada sirvi\u00f3 para realizar una colecta solidaria en beneficio del Anexo N\u00b0 801 de Barrio Norte, el cual cumple con una importante labor educativa y social. El mismo cuenta con una matr\u00edcula de cerca de 180 alumnos de 3 a 16 a\u00f1os, quienes concurren al lugar en contraturno con su escuela o jard\u00edn de infantes.<\/p>\n","protected":false},"excerpt":{"rendered":"<p>Para celebrar este 25 de Mayo, donde se record\u00f3 la Revoluci\u00f3n de Mayo que comenz\u00f3 a hacernos libres, el Espacio en Com\u00fan realiz\u00f3 un evento cultural y solidario en el espacio La Minga, junto a amigos y compa\u00f1eros. Facundo Moreno y Mario Gim\u00e9nez fueron los encargados de ponerle m\u00fasica a una noche diferente en el [&hellip;]<\/p>\n","protected":false},"author":3,"featured_media":90137,"comment_status":"closed","ping_status":"closed","sticky":false,"template":"","format":"standard","meta":{"footnotes":""},"categories":[3],"tags":[],"class_list":["post-90136","post","type-post","status-publish","format-standard","has-post-thumbnail","category-masnoticias"],"_links":{"self":[{"href":"https:\/\/primicias2262.com\/noticias\/wp-json\/wp\/v2\/posts\/90136","targetHints":{"allow":["GET"]}}],"collection":[{"href":"https:\/\/primicias2262.com\/noticias\/wp-json\/wp\/v2\/posts"}],"about":[{"href":"https:\/\/primicias2262.com\/noticias\/wp-json\/wp\/v2\/types\/post"}],"author":[{"embeddable":true,"href":"https:\/\/primicias2262.com\/noticias\/wp-json\/wp\/v2\/users\/3"}],"replies":[{"embeddable":true,"href":"https:\/\/primicias2262.com\/noticias\/wp-json\/wp\/v2\/comments?post=90136"}],"version-history":[{"count":0,"href":"https:\/\/primicias2262.com\/noticias\/wp-json\/wp\/v2\/posts\/90136\/revisions"}],"wp:attachment":[{"href":"https:\/\/primicias2262.com\/noticias\/wp-json\/wp\/v2\/media?parent=90136"}],"wp:term":[{"taxonomy":"category","embeddable":true,"href":"https:\/\/primicias2262.com\/noticias\/wp-json\/wp\/v2\/categories?post=90136"},{"taxonomy":"post_tag","embeddable":true,"href":"https:\/\/primicias2262.com\/noticias\/wp-json\/wp\/v2\/tags?post=90136"}],"curies":[{"name":"wp","href":"https:\/\/api.w.org\/{rel}","templated":true}]}}