{"id":90153,"date":"2022-05-26T12:59:52","date_gmt":"2022-05-26T15:59:52","guid":{"rendered":"https:\/\/primicias2262.com\/?p=90153"},"modified":"2022-05-26T12:59:52","modified_gmt":"2022-05-26T15:59:52","slug":"se-viene-otro-viernes-de-cine-en-el-centro-cultural-de-necochea","status":"publish","type":"post","link":"https:\/\/primicias2262.com\/noticias\/se-viene-otro-viernes-de-cine-en-el-centro-cultural-de-necochea\/","title":{"rendered":"Se viene otro viernes de cine en el Centro Cultural de Necochea"},"content":{"rendered":"<p>El \u201cCine del Centro Cultural\u201d presentar\u00e1 este viernes 27 de mayo, el ciclo dedicado al gran actor italiano Luca Marinelli. Habr\u00e1 doble funci\u00f3n: el filme \u201cRicordi?\u201d se proyectar\u00e1 a las 19.00 horas, mientras que \u201cMart\u00edn Eden\u201d ser\u00e1 a las 20:30 horas, en el audit\u00f3rium del Centro Cultural Necochea Biblioteca Popular Andr\u00e9s Ferreyra (CCN\/BPAF), ubicado en calle 54 entre 61 y 63.<\/p>\n<p>Desde su primera aparici\u00f3n en el cine, en la exitosa \u201cLa soledad de los n\u00fameros primos\u201d de 2010, \u201cLuca Marinelli fue convirti\u00e9ndose en uno de los actores m\u00e1s potentes y completos del cine europeo actual. Veremos dos grandes filmes italianos que tienen a Marinelli como protagonista\u201d, destac\u00f3 Diego L\u00f3pez, organizador del evento.<\/p>\n<p>Cabe informar que <strong>la entrada es gratuita para los socios del CCN\/BPAF, mientras que, para los no socios, hay un bono contribuci\u00f3n de 150 pesos<\/strong>.<\/p>\n<p>A continuaci\u00f3n, la programaci\u00f3n:<\/p>\n<p><strong>A las 19.00 horas: <\/strong><\/p>\n<p><strong>RICORDI ? (Italia, 2018) de Valerio Mieli<\/strong><\/p>\n<p>Sinopsis: La historia de una pareja como millones de parejas, que se ama, se desama, ama a otros, crece, madura, se alegra o se oscurece. Lo interesante no es lo que se narra, sino c\u00f3mo: podemos decir que el verdadero tema de la pel\u00edcula, desde el propio t\u00edtulo, es c\u00f3mo creamos los recuerdos, c\u00f3mo es que tenemos presente, el pasado.<\/p>\n<p>Mieli lo hace con una gran cantidad de recursos visuales que jam\u00e1s aparecen de manera gratuita. Lo on\u00edrico o lo hiperrealista, el estilo de cada imagen, refleja lo que sucede dentro de sus criaturas.<\/p>\n<p>El filme reflexiona sobre la nostalgia y c\u00f3mo el paso del tiempo cambia la percepci\u00f3n de los hechos. El director tiene m\u00e1s preguntas que respuestas sobre estas cuestiones que atraviesan toda la pel\u00edcula y la hacen emocionante<\/p>\n<p>&nbsp;<\/p>\n<p><strong>A las 20.45 horas:<\/strong><\/p>\n<p><strong>MARTIN EDEN <\/strong><strong>(Italia, 2019) de Pietro Marcello.<\/strong><\/p>\n<p>Sinopsis: Martin Eden es un joven marinero quien, por casualidad, conoce a Elena, la hija de una rica familia de empresarios. El amor surge entre ambos al instante. Ella le ayudar\u00e1 a superar sus or\u00edgenes humildes y convertirse en escritor, como siempre hab\u00eda so\u00f1ado. De esta forma, tambi\u00e9n tendr\u00e1 el apoyo del intelectual socialista Russ Brissenden, quien pronto introducir\u00e1 a este en los peligrosos c\u00edrculos activistas.<\/p>\n<p>Basada en la novela m\u00e1s autobiogr\u00e1fica de Jack London, Martin Eden es una pel\u00edcula enorme, amplia, abarcativa, que presenta la sociedad europea de todo un siglo, atravesando \u00e9pocas sin especificar. Gran personaje literario y cinematogr\u00e1fico, contradictorio, como tantos artistas, Martin esgrime su rebeli\u00f3n y su individualismo como una bandera, que lo llevar\u00e1 (tras una transformaci\u00f3n tanto intelectual como f\u00edsica, gran composici\u00f3n de Luca Marinelli) a la postura extrema propia de los vencedores, c\u00ednica y desde\u00f1osa. Una pel\u00edcula que abre la reflexi\u00f3n sobre el poder de la cultura, de las clases sociales, la esencia del socialismo, del individualismo y tantos temas de nuestra \u00e9poca.<\/p>\n","protected":false},"excerpt":{"rendered":"<p>El \u201cCine del Centro Cultural\u201d presentar\u00e1 este viernes 27 de mayo, el ciclo dedicado al gran actor italiano Luca Marinelli. Habr\u00e1 doble funci\u00f3n: el filme \u201cRicordi?\u201d se proyectar\u00e1 a las 19.00 horas, mientras que \u201cMart\u00edn Eden\u201d ser\u00e1 a las 20:30 horas, en el audit\u00f3rium del Centro Cultural Necochea Biblioteca Popular Andr\u00e9s Ferreyra (CCN\/BPAF), ubicado en [&hellip;]<\/p>\n","protected":false},"author":3,"featured_media":90154,"comment_status":"closed","ping_status":"closed","sticky":false,"template":"","format":"standard","meta":{"footnotes":""},"categories":[3],"tags":[],"class_list":["post-90153","post","type-post","status-publish","format-standard","has-post-thumbnail","category-masnoticias"],"_links":{"self":[{"href":"https:\/\/primicias2262.com\/noticias\/wp-json\/wp\/v2\/posts\/90153","targetHints":{"allow":["GET"]}}],"collection":[{"href":"https:\/\/primicias2262.com\/noticias\/wp-json\/wp\/v2\/posts"}],"about":[{"href":"https:\/\/primicias2262.com\/noticias\/wp-json\/wp\/v2\/types\/post"}],"author":[{"embeddable":true,"href":"https:\/\/primicias2262.com\/noticias\/wp-json\/wp\/v2\/users\/3"}],"replies":[{"embeddable":true,"href":"https:\/\/primicias2262.com\/noticias\/wp-json\/wp\/v2\/comments?post=90153"}],"version-history":[{"count":0,"href":"https:\/\/primicias2262.com\/noticias\/wp-json\/wp\/v2\/posts\/90153\/revisions"}],"wp:attachment":[{"href":"https:\/\/primicias2262.com\/noticias\/wp-json\/wp\/v2\/media?parent=90153"}],"wp:term":[{"taxonomy":"category","embeddable":true,"href":"https:\/\/primicias2262.com\/noticias\/wp-json\/wp\/v2\/categories?post=90153"},{"taxonomy":"post_tag","embeddable":true,"href":"https:\/\/primicias2262.com\/noticias\/wp-json\/wp\/v2\/tags?post=90153"}],"curies":[{"name":"wp","href":"https:\/\/api.w.org\/{rel}","templated":true}]}}