{"id":90156,"date":"2022-05-26T13:20:04","date_gmt":"2022-05-26T16:20:04","guid":{"rendered":"https:\/\/primicias2262.com\/?p=90156"},"modified":"2022-05-26T13:20:04","modified_gmt":"2022-05-26T16:20:04","slug":"inscriben-para-los-talleres-de-la-fundacion-educacional-de-la-usina","status":"publish","type":"post","link":"https:\/\/primicias2262.com\/noticias\/inscriben-para-los-talleres-de-la-fundacion-educacional-de-la-usina\/","title":{"rendered":"Inscriben para los talleres de la Fundaci\u00f3n Educacional de la Usina"},"content":{"rendered":"<p>La Fundaci\u00f3n Educacional de la U.P.C. informa que se encuentra abierta la inscripci\u00f3n de los siguientes cursos y talleres para el corriente a\u00f1o:<\/p>\n<p>Coro Coral Quimey, Eduardo Liboreiro; percusi\u00f3n, Leonardo Fistraiber; danza y percusi\u00f3n africana \u201cMandeafro\u201d, Anah\u00ed Palacios; Staff Dance Necochea, Natalia Lerra; taller de teatro adolescentes y adultos, Arnaldo Nano Benzal; artesan\u00edas en metal, Estela Heredia; taller de tejido, Maria G. Martinez; modelado en porcelana fr\u00eda, Mariela Purcallas; folclore, Olga Montiel; idioma franc\u00e9s, Clara Cabral; idioma ingl\u00e9s, Esther Tieftrunck y dibujo y caricatura, Flavia Garcia Vega.<\/p>\n<p>Tambi\u00e9n se dectar\u00e1n los talleres de origami, Claudia Melluso; pintura (15 a\u00f1os en adelante), Romina Estela; pintura \u00abAurora\u00bb, Alicia Aurora Cerezuela; lengua de se\u00f1as, Claudia Gonz\u00e1lez (Completo); pintura y reciclado infantil (6 a 12 a\u00f1os),\u00a0Evelyn Michelle Parada; poes\u00eda \u00abLuna Verde\u00bb, M\u00f3nica C\u00f3rdoba; tango, Daniel Hugo Salvucci (nuevo); y reggaeton \u201cRaimbow Crew kids\u201d (5 a 11 a\u00f1os), Oriana Carrizo (nuevo)<\/p>\n<p>Tambi\u00e9n se anunci\u00f3 queDaniel Salvucci, profesor de Tango, le proporcionara clases gratuitas a todos los empleados de La Usina Popular Cooperativa \u201cSebasti\u00e1n de Mar\u00eda\u201d que deseen comenzar a incursionar en esta danza.<\/p>\n<p>Para mayor informaci\u00f3n, los interesados pueden asistir o llamar a la secretaria de La Fundaci\u00f3n Educacional U.P.C., sito en Av. 59 N\u00ba 1798 1er. Piso &#8211; Tel. 43-6398 de lunes a viernes de 8:00 a 12:00 Hs.<\/p>\n","protected":false},"excerpt":{"rendered":"<p>La Fundaci\u00f3n Educacional de la U.P.C. informa que se encuentra abierta la inscripci\u00f3n de los siguientes cursos y talleres para el corriente a\u00f1o: Coro Coral Quimey, Eduardo Liboreiro; percusi\u00f3n, Leonardo Fistraiber; danza y percusi\u00f3n africana \u201cMandeafro\u201d, Anah\u00ed Palacios; Staff Dance Necochea, Natalia Lerra; taller de teatro adolescentes y adultos, Arnaldo Nano Benzal; artesan\u00edas en metal, [&hellip;]<\/p>\n","protected":false},"author":3,"featured_media":90161,"comment_status":"closed","ping_status":"closed","sticky":false,"template":"","format":"standard","meta":{"footnotes":""},"categories":[3],"tags":[],"class_list":["post-90156","post","type-post","status-publish","format-standard","has-post-thumbnail","category-masnoticias"],"_links":{"self":[{"href":"https:\/\/primicias2262.com\/noticias\/wp-json\/wp\/v2\/posts\/90156","targetHints":{"allow":["GET"]}}],"collection":[{"href":"https:\/\/primicias2262.com\/noticias\/wp-json\/wp\/v2\/posts"}],"about":[{"href":"https:\/\/primicias2262.com\/noticias\/wp-json\/wp\/v2\/types\/post"}],"author":[{"embeddable":true,"href":"https:\/\/primicias2262.com\/noticias\/wp-json\/wp\/v2\/users\/3"}],"replies":[{"embeddable":true,"href":"https:\/\/primicias2262.com\/noticias\/wp-json\/wp\/v2\/comments?post=90156"}],"version-history":[{"count":0,"href":"https:\/\/primicias2262.com\/noticias\/wp-json\/wp\/v2\/posts\/90156\/revisions"}],"wp:attachment":[{"href":"https:\/\/primicias2262.com\/noticias\/wp-json\/wp\/v2\/media?parent=90156"}],"wp:term":[{"taxonomy":"category","embeddable":true,"href":"https:\/\/primicias2262.com\/noticias\/wp-json\/wp\/v2\/categories?post=90156"},{"taxonomy":"post_tag","embeddable":true,"href":"https:\/\/primicias2262.com\/noticias\/wp-json\/wp\/v2\/tags?post=90156"}],"curies":[{"name":"wp","href":"https:\/\/api.w.org\/{rel}","templated":true}]}}