{"id":90172,"date":"2022-05-26T20:08:03","date_gmt":"2022-05-26T23:08:03","guid":{"rendered":"https:\/\/primicias2262.com\/?p=90172"},"modified":"2022-05-26T20:08:03","modified_gmt":"2022-05-26T23:08:03","slug":"con-el-aporte-de-vecinos-avanzan-con-una-obra-de-cordon-cuneta-en-calle-81","status":"publish","type":"post","link":"https:\/\/primicias2262.com\/noticias\/con-el-aporte-de-vecinos-avanzan-con-una-obra-de-cordon-cuneta-en-calle-81\/","title":{"rendered":"Con el aporte de vecinos, avanzan con una obra de cord\u00f3n cuneta en calle 81"},"content":{"rendered":"<p>Tras una d\u00e9cada de espera, los vecinos de la calle 81 entre 38 y 42 comienzan a ver cristalizada una obra de cord\u00f3n cuneta que el Estado municipal se hab\u00eda comprometido a realizar en el a\u00f1o 2011, cuando los habitantes del lugar se organizaron para adquirir los materiales de la construcci\u00f3n por cuenta propia.<\/p>\n<p>Luego de los trabajos preliminares de reacondicionamiento de la calzada y excavaci\u00f3n de cajones, para su posterior entoscado, una cuadrilla de la Secretar\u00eda de Planeamiento, Obras y Servicios P\u00fablicos termin\u00f3 esta ma\u00f1ana de quitar los moldes de los primeros cien metros lineales del nuevo elemento que se incorpora a la red vial urbana.<\/p>\n<p>\u201cSeguimos avanzando en este convenio vecino municipio. Estamos en la primera cuadra, completando la vereda impar entre 40 y 42, y haciendo el movimiento de suelo en la mano par\u201d, recalc\u00f3 el director de Infraestructura de la comuna, Marcelo G\u00f3mez, agregando al respecto que \u201ceste convenio estaba desde el 2011, cuando los vecinos hab\u00edan comprado los materiales y en esta gesti\u00f3n del intendente Arturo Rojas la estamos ejecutando con mano de obra y equipo municipal\u201d.<\/p>\n<p>El total del operativo comprende la construcci\u00f3n de alrededor de 400 metros lineales de cord\u00f3n cuneta, \u201cdos cuadras completas con sus correspondientes sumideros, que van a estar en la esquina de 40 y 81\u201d, explic\u00f3 el funcionario, para destacar, adem\u00e1s, que se trata de \u201cuna obra muy importante, que mejora la calidad de vida de los vecinos porque permite que puedan terminar sus veredas y que queden m\u00e1s prolijas las calles\u201d.<\/p>\n<p>Una vez completada la esperada construcci\u00f3n, el titular del \u00e1rea municipal record\u00f3 que, posteriormente, \u201cel Ente Vial har\u00e1 el entoscado y la calle quedar\u00e1 en perfectas condiciones\u201d, adecuada para recibir alg\u00fan d\u00eda la carpeta de asfalto.<\/p>\n<p>\u201cEste es uno m\u00e1s de varios convenios del tipo que venimos haciendo en esta administraci\u00f3n\u201d, termin\u00f3 recordando G\u00f3mez, dejando a la vista la predisposici\u00f3n por parte del Departamento Ejecutivo de ir cumpliendo compromisos asumidos por la comuna e ir solucionando problem\u00e1ticas que afectan el d\u00eda a d\u00eda de los vecinos.<\/p>\n","protected":false},"excerpt":{"rendered":"<p>Tras una d\u00e9cada de espera, los vecinos de la calle 81 entre 38 y 42 comienzan a ver cristalizada una obra de cord\u00f3n cuneta que el Estado municipal se hab\u00eda comprometido a realizar en el a\u00f1o 2011, cuando los habitantes del lugar se organizaron para adquirir los materiales de la construcci\u00f3n por cuenta propia. Luego [&hellip;]<\/p>\n","protected":false},"author":3,"featured_media":90173,"comment_status":"closed","ping_status":"closed","sticky":false,"template":"","format":"standard","meta":{"footnotes":""},"categories":[3],"tags":[],"class_list":["post-90172","post","type-post","status-publish","format-standard","has-post-thumbnail","category-masnoticias"],"_links":{"self":[{"href":"https:\/\/primicias2262.com\/noticias\/wp-json\/wp\/v2\/posts\/90172","targetHints":{"allow":["GET"]}}],"collection":[{"href":"https:\/\/primicias2262.com\/noticias\/wp-json\/wp\/v2\/posts"}],"about":[{"href":"https:\/\/primicias2262.com\/noticias\/wp-json\/wp\/v2\/types\/post"}],"author":[{"embeddable":true,"href":"https:\/\/primicias2262.com\/noticias\/wp-json\/wp\/v2\/users\/3"}],"replies":[{"embeddable":true,"href":"https:\/\/primicias2262.com\/noticias\/wp-json\/wp\/v2\/comments?post=90172"}],"version-history":[{"count":0,"href":"https:\/\/primicias2262.com\/noticias\/wp-json\/wp\/v2\/posts\/90172\/revisions"}],"wp:attachment":[{"href":"https:\/\/primicias2262.com\/noticias\/wp-json\/wp\/v2\/media?parent=90172"}],"wp:term":[{"taxonomy":"category","embeddable":true,"href":"https:\/\/primicias2262.com\/noticias\/wp-json\/wp\/v2\/categories?post=90172"},{"taxonomy":"post_tag","embeddable":true,"href":"https:\/\/primicias2262.com\/noticias\/wp-json\/wp\/v2\/tags?post=90172"}],"curies":[{"name":"wp","href":"https:\/\/api.w.org\/{rel}","templated":true}]}}