{"id":90175,"date":"2022-05-26T20:11:25","date_gmt":"2022-05-26T23:11:25","guid":{"rendered":"https:\/\/primicias2262.com\/?p=90175"},"modified":"2022-05-26T20:11:25","modified_gmt":"2022-05-26T23:11:25","slug":"presentaron-nuevas-herramientas-de-insercion-laboral-joven-al-sector-empresarial-local","status":"publish","type":"post","link":"https:\/\/primicias2262.com\/noticias\/presentaron-nuevas-herramientas-de-insercion-laboral-joven-al-sector-empresarial-local\/","title":{"rendered":"Presentaron nuevas herramientas de inserci\u00f3n laboral joven al sector empresarial local"},"content":{"rendered":"<p>Durante una reuni\u00f3n organizada por la Secretar\u00eda de Turismo y Desarrollo Productivo, a trav\u00e9s de la Oficina Municipal de Empleo, referentes de la Agencia Territorial Mar del Plata del Ministerio de Trabajo, Empleo y Seguridad Social de la Naci\u00f3n presentaron ante un grupo reducido de representantes del empresariado local nuevas herramientas que propenden a la inserci\u00f3n de los j\u00f3venes al mundo laboral.<\/p>\n<p>Adem\u00e1s de algunos ya tradicionales, como el Entrenamiento para el Trabajo o el Programa de Inserci\u00f3n Laboral (PIL), que tienen m\u00e1s de una d\u00e9cada de funcionamiento, las autoridades lanzaron una variante del J\u00f3venes que est\u00e1 destinada al mismo grupo etario, pero apunta a la poblaci\u00f3n que ya ha finalizado sus estudios secundarios, algo que se ven\u00eda reclamando desde el sector contratante.<\/p>\n<p>Del encuentro formaron parte, por el municipio, la directora de Desarrollo Comercial, Industrial y Agropecuario, Roc\u00edo Zabalj\u00e1uregui, y la coordinadora de la Oficina de Empleo, Andrea Zujani; mientras que estuvieron representando al nexo zonal de la cartera Eleonora Gonzales, referente de Programas de Empleo, Pablo Melgarez, contacto Pyme, y Paula G\u00f3mez por el \u00e1rea de J\u00f3venes; adem\u00e1s de agentes del Ministerio con funciones en Necochea.<\/p>\n<p>Fue el segundo de los funcionarios visitantes quien se encarg\u00f3 de explicar que su llegada a Necochea tiene que ver con la intenci\u00f3n de dar difusi\u00f3n y promoci\u00f3n al gran abanico de herramientas que impulsan, intentando \u201cgenerar un puente entre las pol\u00edticas p\u00fablicas y el sector\u201d empresarial.<\/p>\n<p>En concreto, contando detalles del programa Te Sumo, el funcionario destac\u00f3 que est\u00e1 pensado \u201cpara chicos, chicas y diversidades, con secundario terminado y que no est\u00e9n en relaci\u00f3n de dependencia; o bien para quienes est\u00e9n estudiando en la universidad, pero sin t\u00edtulo terciario\u201d.<\/p>\n<div class=\"wp-block-media-text is-stacked-on-mobile is-vertically-aligned-top\">\n<div class=\"wp-block-media-text__content\">\n<p>a los beneficios que representa contratar a un joven bajo esta modalidad, \u201cel primero es el PIL, que otorga 23 mil pesos para el empleado o la empleada\u201d, manifest\u00f3 Melgarez, indicando que a ello se agregan otros dos: \u201cUn Aporte No Reembolsable de entre 10 mil y 13 mil pesos (que se acredita en la cuenta de la empresa) de parte del Ministerio de Desarrollo Productivo; y la reducci\u00f3n de cargas patronales, del 90% para varones y del 95% para mujeres y diversidades\u201d; una bater\u00eda que es aportada por el Estado durante 12 meses.<\/p>\n<p>\u201cOtra variante es que el empresario puede traer al joven al programa, porque antes se lo obligaba a que seleccionara entre la poblaci\u00f3n que ten\u00edamos en la Oficina de Empleo\u201d, especific\u00f3 el Contacto Pyme de la Agencia Territorial, asegurando que la herramienta es muy bien recibida en cada localidad.<\/p>\n<\/div>\n<\/div>\n<p>Esto \u00faltimo tiene que ver, \u201csobre todo, por el cambio poblacional\u201d, porque \u201cesa franja de chicos con secundario terminado y, por ah\u00ed, instruy\u00e9ndose en otra instancia educativa, era una poblaci\u00f3n que estaba sobrecalificada para un mont\u00f3n de herramientas que ofrec\u00edamos y que tambi\u00e9n los empresarios quer\u00edan absorber\u201d.<\/p>\n<p>Finalmente, el representante de la delegaci\u00f3n marplatense habl\u00f3 de la particularidad del trabajo por temporada, un factor que se repite a lo largo de la Costa Atl\u00e1ntica y que, muchas veces, termina por trabar las probabilidades de inserci\u00f3n.<\/p>\n<p>\u201cSi bien Te Sumo es muy bien recibido en general, tambi\u00e9n nos hacen esta salvedad. Nosotros escuchamos y trasladamos a la central\u201d, con la finalidad de que \u201clas pol\u00edticas p\u00fablicas se adapten a los sectores productivos, porque somos un pa\u00eds federal y no todos tenemos la misma matriz de trabajo\u201d, asegur\u00f3.<\/p>\n","protected":false},"excerpt":{"rendered":"<p>Durante una reuni\u00f3n organizada por la Secretar\u00eda de Turismo y Desarrollo Productivo, a trav\u00e9s de la Oficina Municipal de Empleo, referentes de la Agencia Territorial Mar del Plata del Ministerio de Trabajo, Empleo y Seguridad Social de la Naci\u00f3n presentaron ante un grupo reducido de representantes del empresariado local nuevas herramientas que propenden a la [&hellip;]<\/p>\n","protected":false},"author":3,"featured_media":90176,"comment_status":"closed","ping_status":"closed","sticky":false,"template":"","format":"standard","meta":{"footnotes":""},"categories":[3],"tags":[],"class_list":["post-90175","post","type-post","status-publish","format-standard","has-post-thumbnail","category-masnoticias"],"_links":{"self":[{"href":"https:\/\/primicias2262.com\/noticias\/wp-json\/wp\/v2\/posts\/90175","targetHints":{"allow":["GET"]}}],"collection":[{"href":"https:\/\/primicias2262.com\/noticias\/wp-json\/wp\/v2\/posts"}],"about":[{"href":"https:\/\/primicias2262.com\/noticias\/wp-json\/wp\/v2\/types\/post"}],"author":[{"embeddable":true,"href":"https:\/\/primicias2262.com\/noticias\/wp-json\/wp\/v2\/users\/3"}],"replies":[{"embeddable":true,"href":"https:\/\/primicias2262.com\/noticias\/wp-json\/wp\/v2\/comments?post=90175"}],"version-history":[{"count":0,"href":"https:\/\/primicias2262.com\/noticias\/wp-json\/wp\/v2\/posts\/90175\/revisions"}],"wp:attachment":[{"href":"https:\/\/primicias2262.com\/noticias\/wp-json\/wp\/v2\/media?parent=90175"}],"wp:term":[{"taxonomy":"category","embeddable":true,"href":"https:\/\/primicias2262.com\/noticias\/wp-json\/wp\/v2\/categories?post=90175"},{"taxonomy":"post_tag","embeddable":true,"href":"https:\/\/primicias2262.com\/noticias\/wp-json\/wp\/v2\/tags?post=90175"}],"curies":[{"name":"wp","href":"https:\/\/api.w.org\/{rel}","templated":true}]}}