{"id":90194,"date":"2022-05-27T13:03:03","date_gmt":"2022-05-27T16:03:03","guid":{"rendered":"https:\/\/primicias2262.com\/?p=90194"},"modified":"2022-05-27T13:03:03","modified_gmt":"2022-05-27T16:03:03","slug":"139-familias-concretaron-el-sueno-de-tener-el-titulo-de-propiedad-de-su-vivienda","status":"publish","type":"post","link":"https:\/\/primicias2262.com\/noticias\/139-familias-concretaron-el-sueno-de-tener-el-titulo-de-propiedad-de-su-vivienda\/","title":{"rendered":"139 familias concretaron el sue\u00f1o de tener el t\u00edtulo de propiedad de su vivienda"},"content":{"rendered":"<p>Con la presencia del intendente Arturo Rojas, y en el marco del programa \u201cMi escritura, mi casa\u201d, el gobierno de la Provincia de Buenos Aires entreg\u00f3 en conjunto con la Municipalidad un total de 139 escrituras a vecinos de la ciudad.<\/p>\n<p>La emotiva ceremonia para las familias que lograron concretar su sue\u00f1o de tener el t\u00edtulo de propiedad de su vivienda tuvo desarrollo en el SUM del Centro Vasco, donde junto al jefe comunal encabez\u00f3 el acto el Jefe de Asesores del gobierno bonaerense, Carlos Bianco.<\/p>\n<p>Como reflexi\u00f3n de tan importante d\u00eda para la comunidad, el Intendente y el funcionario provincial coincidieron en la importancia del trabajo en conjunto a pesar de los distintos signos pol\u00edticos, lo que permite concretar el sue\u00f1o de muchos en vecinos que en algunos casos debieron esperar muchas d\u00e9cadas para tener su t\u00edtulo de propiedad.<\/p>\n<p>\u201cQuiero resaltar el trabajo que se viene haciendo en conjunto desde el Municipio con la Provincia de Buenos Aires para brindar tr\u00e1mites que tienen que ver con firmas de escrituraci\u00f3n, sabiendo lo importante que es para cada una de las familias poder tener la seguridad jur\u00eddica y el t\u00edtulo de propiedad\u201d, comenz\u00f3 afirmando Arturo Rojas.<\/p>\n<p>En l\u00ednea con esa definici\u00f3n, Bianco manifest\u00f3 \u00a0que \u201ca pesar de tener signos pol\u00edticos diferentes, como dec\u00eda el Intendente, la intenci\u00f3n del Gobernador es trabajar con los 135 municipios de la provincia\u201d, y en ese marco asegur\u00f3 que se busca regularizar unas 800 mil escrituras en todo el territorio bonaerense. \u201cEl t\u00edtulo de propiedad es una necesidad de las familias y un derecho que debe garantizar el Estado\u201d, concluy\u00f3.<\/p>\n<p>A su vez, Rojas se\u00f1al\u00f3 el compromiso de la gesti\u00f3n municipal con el tema, al referenciar que \u201cmi visi\u00f3n como intendente municipal es formar personal especializado de carrera que trascienda la gesti\u00f3n y que pueda estar capacitado para llevar adelante este tipo de escrituras sociales\u201d, a lo que acot\u00f3 que \u201cse ha comenzado un trabajo articulado de capacitaci\u00f3n junto a la Escriban\u00eda General de Gobierno en ese sentido\u201d.<\/p>\n<p>\u201cEs una enorme alegr\u00eda para cada uno de nosotros y todos los vecinos este acto de m\u00e1s de 130 escrituras\u201d, enfatiz\u00f3 Rojas. Es v\u00e1lido destacar que de las 139 entregadas este jueves, 124 escrituras corresponden a la operatoria del Instituto de la Vivienda, 12 a la Ley 10.830, dos al Plan Familia Propietaria y un \u00faltimo instrumento legal sin operatoria.<\/p>\n<p>&nbsp;<\/p>\n","protected":false},"excerpt":{"rendered":"<p>Con la presencia del intendente Arturo Rojas, y en el marco del programa \u201cMi escritura, mi casa\u201d, el gobierno de la Provincia de Buenos Aires entreg\u00f3 en conjunto con la Municipalidad un total de 139 escrituras a vecinos de la ciudad. La emotiva ceremonia para las familias que lograron concretar su sue\u00f1o de tener el [&hellip;]<\/p>\n","protected":false},"author":3,"featured_media":90195,"comment_status":"closed","ping_status":"closed","sticky":false,"template":"","format":"standard","meta":{"footnotes":""},"categories":[3],"tags":[],"class_list":["post-90194","post","type-post","status-publish","format-standard","has-post-thumbnail","category-masnoticias"],"_links":{"self":[{"href":"https:\/\/primicias2262.com\/noticias\/wp-json\/wp\/v2\/posts\/90194","targetHints":{"allow":["GET"]}}],"collection":[{"href":"https:\/\/primicias2262.com\/noticias\/wp-json\/wp\/v2\/posts"}],"about":[{"href":"https:\/\/primicias2262.com\/noticias\/wp-json\/wp\/v2\/types\/post"}],"author":[{"embeddable":true,"href":"https:\/\/primicias2262.com\/noticias\/wp-json\/wp\/v2\/users\/3"}],"replies":[{"embeddable":true,"href":"https:\/\/primicias2262.com\/noticias\/wp-json\/wp\/v2\/comments?post=90194"}],"version-history":[{"count":0,"href":"https:\/\/primicias2262.com\/noticias\/wp-json\/wp\/v2\/posts\/90194\/revisions"}],"wp:attachment":[{"href":"https:\/\/primicias2262.com\/noticias\/wp-json\/wp\/v2\/media?parent=90194"}],"wp:term":[{"taxonomy":"category","embeddable":true,"href":"https:\/\/primicias2262.com\/noticias\/wp-json\/wp\/v2\/categories?post=90194"},{"taxonomy":"post_tag","embeddable":true,"href":"https:\/\/primicias2262.com\/noticias\/wp-json\/wp\/v2\/tags?post=90194"}],"curies":[{"name":"wp","href":"https:\/\/api.w.org\/{rel}","templated":true}]}}