{"id":90197,"date":"2022-05-27T13:39:13","date_gmt":"2022-05-27T16:39:13","guid":{"rendered":"https:\/\/primicias2262.com\/?p=90197"},"modified":"2022-05-27T13:39:13","modified_gmt":"2022-05-27T16:39:13","slug":"autoridades-de-cicop-evaluaron-en-necochea-la-actualidad-de-los-profesionales-de-la-salud","status":"publish","type":"post","link":"https:\/\/primicias2262.com\/noticias\/autoridades-de-cicop-evaluaron-en-necochea-la-actualidad-de-los-profesionales-de-la-salud\/","title":{"rendered":"Autoridades de CICOP evaluaron en Necochea la actualidad de los profesionales de la salud"},"content":{"rendered":"<p>Visitaron la seccional que encabeza Silvina Guedikian el pasado 25 de mayo. \u201cTuvimos la suerte de interiorizarnos en algunos temas que hoy est\u00e1n en mesa de discusi\u00f3n con el Ministerio de Salud de la Provincia de Buenos Aires, como el tema del desgaste laboral o de la jubilaci\u00f3n anticipada\u201d, explic\u00f3 la presidenta.<\/p>\n<p>Encabezada por su titular, Pablo Maciel, el 25 de mayo pasado una comitiva del Consejo Directivo de la Asociaci\u00f3n Sindical de Profesionales de la Salud de la Provincia de Buenos Aires (CICOP) lleg\u00f3 hasta nuestra ciudad para interiorizarse sobre la gesti\u00f3n que viene realizando la delegaci\u00f3n local, adem\u00e1s de seguir debatiendo estrategias de lucha y detallando los logros ya conseguidos.<\/p>\n<p>Sobre la \u201cgrata visita\u201d, seg\u00fan ella misma calific\u00f3, la presidenta de la seccional dom\u00e9stica, Silvina Guedikian, explic\u00f3 en el aire de Voces de la Ciudad que \u201cfue una jornada muy interesante porque tuvimos la suerte de interiorizarnos en algunos temas que hoy est\u00e1n en mesa de discusi\u00f3n con el Ministerio de Salud de la Provincia de Buenos Aires, como el tema del desgaste laboral o de la jubilaci\u00f3n anticipada, que venimos peleando desde el a\u00f1o 2015\u201d.<\/p>\n<p>Luego de contar que la directiva se encuentra realizando visitas a las diferentes sedes distribuidas en territorio bonaerense, la Jefa de Farmacia del Hospital Irurzun reconoci\u00f3 sobre las nuevas autoridades que \u201ctienen much\u00edsimas ganas de que CICOP crezca, est\u00e1n abriendo sucursales en toda la costa\u201d y \u201cest\u00e1n muy satisfechos con nuestro desempe\u00f1o\u201d.<\/p>\n<p>Otra de las tem\u00e1ticas que se plantearon en este encuentro fue el de las residencias, revel\u00f3 la Presidenta, recordando que \u201chemos cerrado las paritarias m\u00e1s altas de la provincia, con un 64,5% en forma escalonada de aqu\u00ed a diciembre\u201d m\u00e1s \u201cla posibilidad de un ajuste para cerrar el a\u00f1o, si as\u00ed lo requiriera la inflaci\u00f3n\u201d.<\/p>\n<p>Los sueldos de los profesionales de la salud que se desenvuelven en el \u00e1mbito de lo p\u00fablico en el distrito de Necochea son cubiertos totalmente con recursos municipales, por estar afectado todo el sistema sanitario a la comuna. Aun as\u00ed, por estar adheridos los salarios a la carrera profesional hospitalaria, las paritarias se discuten en el \u00e1mbito provincial, dejando sin injerencia en la toma de decisiones al Ejecutivo local, un tema que preocupa a la actual administraci\u00f3n y por la que se realizan gestiones en La Plata, buscando que la Gobernaci\u00f3n bonaerense absorba el gasto.<\/p>\n<p>En ese sentido, se\u00f1al\u00f3 que \u201cen Necochea hemos recibido todos los aumentos que hemos pedido, que hemos presentado, no hemos tenido inconvenientes en ese sentido\u201d, asegur\u00f3 Guedikian, aunque signific\u00f3 que el salarial no fue el \u00fanico tema que se trat\u00f3 durante la visita de las autoridades sindicales.<\/p>\n<p>\u201cBuscamos caminos, lugares, espacios de trabajo y nuevas herramientas que nos permitan crecer como gremio, con el apoyo de la Provincia. Han formado un departamento jur\u00eddico muy importante para ayudarnos con todo el tema jubilatorio, que no es poca cosa, porque tenemos grandes problemas con el IPS a la hora de que el profesional que se tiene que jubilar demora entre uno y dos a\u00f1os en poder percibir su jubilaci\u00f3n, de lo cual se tiene que hace cargo del municipio\u201d, revel\u00f3 para terminar.<\/p>\n","protected":false},"excerpt":{"rendered":"<p>Visitaron la seccional que encabeza Silvina Guedikian el pasado 25 de mayo. \u201cTuvimos la suerte de interiorizarnos en algunos temas que hoy est\u00e1n en mesa de discusi\u00f3n con el Ministerio de Salud de la Provincia de Buenos Aires, como el tema del desgaste laboral o de la jubilaci\u00f3n anticipada\u201d, explic\u00f3 la presidenta. Encabezada por su [&hellip;]<\/p>\n","protected":false},"author":3,"featured_media":90198,"comment_status":"closed","ping_status":"closed","sticky":false,"template":"","format":"standard","meta":{"footnotes":""},"categories":[3],"tags":[],"class_list":["post-90197","post","type-post","status-publish","format-standard","has-post-thumbnail","category-masnoticias"],"_links":{"self":[{"href":"https:\/\/primicias2262.com\/noticias\/wp-json\/wp\/v2\/posts\/90197","targetHints":{"allow":["GET"]}}],"collection":[{"href":"https:\/\/primicias2262.com\/noticias\/wp-json\/wp\/v2\/posts"}],"about":[{"href":"https:\/\/primicias2262.com\/noticias\/wp-json\/wp\/v2\/types\/post"}],"author":[{"embeddable":true,"href":"https:\/\/primicias2262.com\/noticias\/wp-json\/wp\/v2\/users\/3"}],"replies":[{"embeddable":true,"href":"https:\/\/primicias2262.com\/noticias\/wp-json\/wp\/v2\/comments?post=90197"}],"version-history":[{"count":0,"href":"https:\/\/primicias2262.com\/noticias\/wp-json\/wp\/v2\/posts\/90197\/revisions"}],"wp:attachment":[{"href":"https:\/\/primicias2262.com\/noticias\/wp-json\/wp\/v2\/media?parent=90197"}],"wp:term":[{"taxonomy":"category","embeddable":true,"href":"https:\/\/primicias2262.com\/noticias\/wp-json\/wp\/v2\/categories?post=90197"},{"taxonomy":"post_tag","embeddable":true,"href":"https:\/\/primicias2262.com\/noticias\/wp-json\/wp\/v2\/tags?post=90197"}],"curies":[{"name":"wp","href":"https:\/\/api.w.org\/{rel}","templated":true}]}}