{"id":90200,"date":"2022-05-27T15:03:51","date_gmt":"2022-05-27T18:03:51","guid":{"rendered":"https:\/\/primicias2262.com\/?p=90200"},"modified":"2022-05-27T15:03:51","modified_gmt":"2022-05-27T18:03:51","slug":"brindaron-una-charla-sobre-seguridad-vial-a-alumnos-de-la-escuela-secundaria-n-3","status":"publish","type":"post","link":"https:\/\/primicias2262.com\/noticias\/brindaron-una-charla-sobre-seguridad-vial-a-alumnos-de-la-escuela-secundaria-n-3\/","title":{"rendered":"Brindaron una charla sobre seguridad vial a alumnos de la Escuela Secundaria N\u00b0 3"},"content":{"rendered":"<p>Mediante una solicitud realizada por la Direcci\u00f3n y el equipo de Orientaci\u00f3n Educacional de la Escuela Secundaria N\u00ba 3 de Quequ\u00e9n, se realiz\u00f3 una charla en el SUM de dicha instituci\u00f3n sobre concientizaci\u00f3n y educaci\u00f3n vial, con el Observatorio Vial Municipal y personal de la Direcci\u00f3n de Tr\u00e1nsito, dependiente de la Secretar\u00eda de Gobierno.<\/p>\n<p>Graciela Grilli, directora del establecimiento educacional, mencion\u00f3 durante la jornada que \u201cesta charla la pedimos porque hemos tenido varias situaciones en nuestra comunidad de accidente de tr\u00e1nsito de motos, entonces ve\u00edamos necesario concientizar a nuestra poblaci\u00f3n y nuestros adolescentes sobre la repercusi\u00f3n de andar en moto sin las medidas adecuadas\u201d.<\/p>\n<p>La directora se\u00f1al\u00f3 que \u201cinvestigamos un poco acerca del Observatorio Vial Municipal, presentamos una nota a la Municipalidad y uno de sus representantes vino a dar una charla y asesorarnos\u201d, a lo que a\u00f1adi\u00f3 que \u201ca esta escuela asisten 325 alumnos en los distintos turnos y la mayor\u00eda de ellos son adolescentes que conducen moto, y ese era nuestro inter\u00e9s principal, focalizar en accidentes de moto sin casco\u201d.<\/p>\n<p>En la charla, estuvo presente el Equipo de Orientaci\u00f3n Escolar de la instituci\u00f3n, con las orientadoras Ver\u00f3nica Esteve y Natalia Mercado; y se cont\u00f3 con la presencia de la jefa Distrital de Educaci\u00f3n, Soledad Moreno, y consejeros escolares.<\/p>\n","protected":false},"excerpt":{"rendered":"<p>Mediante una solicitud realizada por la Direcci\u00f3n y el equipo de Orientaci\u00f3n Educacional de la Escuela Secundaria N\u00ba 3 de Quequ\u00e9n, se realiz\u00f3 una charla en el SUM de dicha instituci\u00f3n sobre concientizaci\u00f3n y educaci\u00f3n vial, con el Observatorio Vial Municipal y personal de la Direcci\u00f3n de Tr\u00e1nsito, dependiente de la Secretar\u00eda de Gobierno. Graciela [&hellip;]<\/p>\n","protected":false},"author":3,"featured_media":90201,"comment_status":"closed","ping_status":"closed","sticky":false,"template":"","format":"standard","meta":{"footnotes":""},"categories":[3],"tags":[],"class_list":["post-90200","post","type-post","status-publish","format-standard","has-post-thumbnail","category-masnoticias"],"_links":{"self":[{"href":"https:\/\/primicias2262.com\/noticias\/wp-json\/wp\/v2\/posts\/90200","targetHints":{"allow":["GET"]}}],"collection":[{"href":"https:\/\/primicias2262.com\/noticias\/wp-json\/wp\/v2\/posts"}],"about":[{"href":"https:\/\/primicias2262.com\/noticias\/wp-json\/wp\/v2\/types\/post"}],"author":[{"embeddable":true,"href":"https:\/\/primicias2262.com\/noticias\/wp-json\/wp\/v2\/users\/3"}],"replies":[{"embeddable":true,"href":"https:\/\/primicias2262.com\/noticias\/wp-json\/wp\/v2\/comments?post=90200"}],"version-history":[{"count":0,"href":"https:\/\/primicias2262.com\/noticias\/wp-json\/wp\/v2\/posts\/90200\/revisions"}],"wp:attachment":[{"href":"https:\/\/primicias2262.com\/noticias\/wp-json\/wp\/v2\/media?parent=90200"}],"wp:term":[{"taxonomy":"category","embeddable":true,"href":"https:\/\/primicias2262.com\/noticias\/wp-json\/wp\/v2\/categories?post=90200"},{"taxonomy":"post_tag","embeddable":true,"href":"https:\/\/primicias2262.com\/noticias\/wp-json\/wp\/v2\/tags?post=90200"}],"curies":[{"name":"wp","href":"https:\/\/api.w.org\/{rel}","templated":true}]}}