{"id":90217,"date":"2022-05-28T17:14:44","date_gmt":"2022-05-28T20:14:44","guid":{"rendered":"https:\/\/primicias2262.com\/?p=90217"},"modified":"2022-05-28T17:14:44","modified_gmt":"2022-05-28T20:14:44","slug":"la-asociacion-de-amigos-del-paraje-las-cascadas-proyecta-nuevas-obras-para-jerarquizar-su-predio","status":"publish","type":"post","link":"https:\/\/primicias2262.com\/noticias\/la-asociacion-de-amigos-del-paraje-las-cascadas-proyecta-nuevas-obras-para-jerarquizar-su-predio\/","title":{"rendered":"La Asociaci\u00f3n de Amigos del Paraje Las Cascadas proyecta nuevas obras para jerarquizar su predio"},"content":{"rendered":"<p>\u201cEstamos haciendo quince parrillas, con asientos y mesas, y poniendo en condiciones el lugar\u201d, revel\u00f3 su presidente, Carlos Kelly. Adem\u00e1s, la idea es construir dos ba\u00f1os nuevos y extender la red de agua. \u201cSomos una instituci\u00f3n sin fines de lucro, lo hacemos desinteresadamente para la comunidad\u201d, destac\u00f3.<\/p>\n<p>Entrevistado por Hugo Arroyo para el programa Voces de la Ciudad, Kelly detall\u00f3 que proyectan comenzar a realizar obras variadas en los pr\u00f3ximos d\u00edas. \u201cYa tenemos los materiales y no hemos empezado por el mal tiempo. Vamos a hacer dos ba\u00f1os y llevar el agua en dos tramos, poniendo piletas para que la gente tenga para lavar las cosas cuando va a comer\u201d.<\/p>\n<p>Adem\u00e1s, \u201cestamos haciendo quince parrillas, con asientos y mesas, y poniendo en condiciones el lugar. Esa es la meta que tenemos y, por suerte, la estamos llevando adelante\u201d, garantiz\u00f3.<\/p>\n<p>Sobre los proyectos a largo plazo de la entidad, que est\u00e1 conformada por \u201cun grupo de amigos que estamos unidos luchando por esto\u201d, Kelly asegur\u00f3 que \u201cuno es ambicioso y quiere hacer cosas, pero estamos limitados al dinero que tenemos, que es el que nos va entrando a trav\u00e9s de los socios\u201d.<\/p>\n<p>En ese aspecto, revel\u00f3 que las actividades menguan en la temporada invernal y \u201cnos vamos manejando con lo que tenemos y los casi cien socios que aportan\u201d, aunque augur\u00f3 que \u201cpara el verano creo que vamos a tener todo listo, y la idea es hacer una especie de deck frente al sal\u00f3n para que la gente se pueda sentar afuera y disfrute del paisaje\u201d.<\/p>\n<p>Contando antes que en la temporada \u201cse trabaj\u00f3 muy bien, vino mucha gente acampar o pasar el d\u00eda\u201d, el presidente de la asociaci\u00f3n civil manifest\u00f3 que \u201csomos una instituci\u00f3n sin fines de lucro que trabaja porque nos gusta el paraje. Lo hacemos desinteresadamente para la comunidad. Por eso, a veces, uno pide que la gente se arrime un poco m\u00e1s, que no sea solamente para criticar, porque todos los concejos y todo lo que ayude a nosotros nos sirve\u201d.<\/p>\n<p>Finalmente, el titular de la agrupaci\u00f3n vecinal habl\u00f3 tambi\u00e9n de los hechos de vandalismo que se hab\u00edan vuelto reiterativos a comienzos del oto\u00f1o. \u201cPor suerte, hace un tiempo que no hemos sufrido hechos gracias a la Patrulla Rural que anda muy a menudo recorriendo toda la zona. Estamos tranquilos porque se ha normalizado casi totalmente el tema de los robos y el da\u00f1o\u201d, sintetiz\u00f3.<\/p>\n<p>Quienes quieran apoyar la labor de la asociaci\u00f3n, acercarse a aportar ideas o simplemente asociarse, pueden contactarse al tel\u00e9fono 2262 607455. \u201cSi nos avisan, vamos hasta la casa y lo hacemos socios y si quieren colaborar bienvenidos sean\u201d, remarc\u00f3 Carlos Kelly.<\/p>\n","protected":false},"excerpt":{"rendered":"<p>\u201cEstamos haciendo quince parrillas, con asientos y mesas, y poniendo en condiciones el lugar\u201d, revel\u00f3 su presidente, Carlos Kelly. Adem\u00e1s, la idea es construir dos ba\u00f1os nuevos y extender la red de agua. \u201cSomos una instituci\u00f3n sin fines de lucro, lo hacemos desinteresadamente para la comunidad\u201d, destac\u00f3. Entrevistado por Hugo Arroyo para el programa Voces [&hellip;]<\/p>\n","protected":false},"author":3,"featured_media":86619,"comment_status":"closed","ping_status":"closed","sticky":false,"template":"","format":"standard","meta":{"footnotes":""},"categories":[3],"tags":[],"class_list":["post-90217","post","type-post","status-publish","format-standard","has-post-thumbnail","category-masnoticias"],"_links":{"self":[{"href":"https:\/\/primicias2262.com\/noticias\/wp-json\/wp\/v2\/posts\/90217","targetHints":{"allow":["GET"]}}],"collection":[{"href":"https:\/\/primicias2262.com\/noticias\/wp-json\/wp\/v2\/posts"}],"about":[{"href":"https:\/\/primicias2262.com\/noticias\/wp-json\/wp\/v2\/types\/post"}],"author":[{"embeddable":true,"href":"https:\/\/primicias2262.com\/noticias\/wp-json\/wp\/v2\/users\/3"}],"replies":[{"embeddable":true,"href":"https:\/\/primicias2262.com\/noticias\/wp-json\/wp\/v2\/comments?post=90217"}],"version-history":[{"count":0,"href":"https:\/\/primicias2262.com\/noticias\/wp-json\/wp\/v2\/posts\/90217\/revisions"}],"wp:attachment":[{"href":"https:\/\/primicias2262.com\/noticias\/wp-json\/wp\/v2\/media?parent=90217"}],"wp:term":[{"taxonomy":"category","embeddable":true,"href":"https:\/\/primicias2262.com\/noticias\/wp-json\/wp\/v2\/categories?post=90217"},{"taxonomy":"post_tag","embeddable":true,"href":"https:\/\/primicias2262.com\/noticias\/wp-json\/wp\/v2\/tags?post=90217"}],"curies":[{"name":"wp","href":"https:\/\/api.w.org\/{rel}","templated":true}]}}