{"id":90219,"date":"2022-05-28T17:19:55","date_gmt":"2022-05-28T20:19:55","guid":{"rendered":"https:\/\/primicias2262.com\/?p=90219"},"modified":"2022-05-28T17:19:55","modified_gmt":"2022-05-28T20:19:55","slug":"otro-detenido-en-una-causa-por-comercializacion-de-drogas","status":"publish","type":"post","link":"https:\/\/primicias2262.com\/noticias\/otro-detenido-en-una-causa-por-comercializacion-de-drogas\/","title":{"rendered":"Otro detenido en una causa por comercializaci\u00f3n de drogas"},"content":{"rendered":"<p>Personal de la Delegaci\u00f3n de Investigaciones del Trafico de Drogas il\u00edcitas de Necochea detuvo a un sujeto vinculado en una causa en la que se investiga la comercializaci\u00f3n de estupefacientes.<\/p>\n<p>El caso se inici\u00f3 con procedimientos realizados a mediados del corriente mes en nuestro medio, en una investigaci\u00f3n en la que interviene la Fiscal\u00eda N\u00b0 30, a cargo del Dr. Carlos Larrarte, donde fueron aprehendidas dos personas por venta de drogas luego de hallarse en los respectivos allanamientos envoltorios con coca\u00edna, marihuana, entre otros elementos propios de la actividad.<\/p>\n<p>En esta oportunidad, el Juzgado de Garant\u00edas n\u00b0 2 de la Dra. Aida Lhez, orden\u00f3 la detenci\u00f3n de otro de los implicados que al momento de las diligencias no fue hallado en el domicilio.<\/p>\n<p>De esta manera y tras las tareas del personal policial de la especialidad, este viernes se concret\u00f3 la detenci\u00f3n de este sujeto en inmediaciones de calle 79 entre 82 y 84.<\/p>\n<p>El mismo fue trasladado a la Dependencia Policial para el cumplimiento de recaudos legales en actuaciones caratuladas Tenencia de estupefacientes con fines de comercializaci\u00f3n, quedando alojado en una Comisaria de la Departamental Necochea.<\/p>\n","protected":false},"excerpt":{"rendered":"<p>Personal de la Delegaci\u00f3n de Investigaciones del Trafico de Drogas il\u00edcitas de Necochea detuvo a un sujeto vinculado en una causa en la que se investiga la comercializaci\u00f3n de estupefacientes. El caso se inici\u00f3 con procedimientos realizados a mediados del corriente mes en nuestro medio, en una investigaci\u00f3n en la que interviene la Fiscal\u00eda N\u00b0 [&hellip;]<\/p>\n","protected":false},"author":3,"featured_media":90220,"comment_status":"closed","ping_status":"closed","sticky":false,"template":"","format":"standard","meta":{"footnotes":""},"categories":[3],"tags":[],"class_list":["post-90219","post","type-post","status-publish","format-standard","has-post-thumbnail","category-masnoticias"],"_links":{"self":[{"href":"https:\/\/primicias2262.com\/noticias\/wp-json\/wp\/v2\/posts\/90219","targetHints":{"allow":["GET"]}}],"collection":[{"href":"https:\/\/primicias2262.com\/noticias\/wp-json\/wp\/v2\/posts"}],"about":[{"href":"https:\/\/primicias2262.com\/noticias\/wp-json\/wp\/v2\/types\/post"}],"author":[{"embeddable":true,"href":"https:\/\/primicias2262.com\/noticias\/wp-json\/wp\/v2\/users\/3"}],"replies":[{"embeddable":true,"href":"https:\/\/primicias2262.com\/noticias\/wp-json\/wp\/v2\/comments?post=90219"}],"version-history":[{"count":0,"href":"https:\/\/primicias2262.com\/noticias\/wp-json\/wp\/v2\/posts\/90219\/revisions"}],"wp:attachment":[{"href":"https:\/\/primicias2262.com\/noticias\/wp-json\/wp\/v2\/media?parent=90219"}],"wp:term":[{"taxonomy":"category","embeddable":true,"href":"https:\/\/primicias2262.com\/noticias\/wp-json\/wp\/v2\/categories?post=90219"},{"taxonomy":"post_tag","embeddable":true,"href":"https:\/\/primicias2262.com\/noticias\/wp-json\/wp\/v2\/tags?post=90219"}],"curies":[{"name":"wp","href":"https:\/\/api.w.org\/{rel}","templated":true}]}}