{"id":90222,"date":"2022-05-28T17:23:53","date_gmt":"2022-05-28T20:23:53","guid":{"rendered":"https:\/\/primicias2262.com\/?p=90222"},"modified":"2022-05-28T17:23:53","modified_gmt":"2022-05-28T20:23:53","slug":"la-presidenta-del-inadi-recorrio-las-instalaciones-del-centro-cultural","status":"publish","type":"post","link":"https:\/\/primicias2262.com\/noticias\/la-presidenta-del-inadi-recorrio-las-instalaciones-del-centro-cultural\/","title":{"rendered":"La presidenta del INADI recorri\u00f3 las instalaciones del Centro Cultural"},"content":{"rendered":"<p><strong>\u201cEs un placer estar ac\u00e1 porque se nota el esfuerzo que pone la Comisi\u00f3n Directiva para sostener espacios que abren la cultura a toda la comunidad\u201d, destac\u00f3 Victoria Donda.<\/strong><\/p>\n<p>El Centro Cultural Necochea Biblioteca Popular Andr\u00e9s Ferreyra \u00a0(CCN\/BPAF) recibi\u00f3 este viernes 27 de mayo, a la presidenta del INADI (Instituto Nacional contra la Discriminaci\u00f3n, la Xenofobia y el Racismo), Victoria Donda, en el marco del conversatorio que el mencionado instituto llev\u00f3 a cabo en el CCN\/BPAF, bajo el t\u00edtulo \u201cViolencias y heteronormatividad\u201d.<\/p>\n<p>Previo a la disertaci\u00f3n, Donda realiz\u00f3 un recorrido por el CCN\/BPAF, acompa\u00f1ada por el director de la instituci\u00f3n, Alberto Franco, por la integrante de la Comisi\u00f3n Directiva, Virginia Sbrizzi, y por la delegada del INADI, Cintia M\u00f3naco, entre otros.<\/p>\n<p>\u201cEs un placer estar ac\u00e1 porque se nota el esfuerzo que pone la Comisi\u00f3n Directiva para sostener espacios que abren la cultura a toda la comunidad\u201d, se\u00f1al\u00f3.<\/p>\n<p>La funcionaria, quien recorri\u00f3 los diferentes lugares del edificio de dos plantas, se detuvo en destacar las obras de grabado que se encuentran en el primer piso (Museo Municipal del Grabado \u00abLino Enea Spilimbergo\u00bb y colecci\u00f3n Adolfo Belocq). Estas obras, \u201cest\u00e1n accesibles a toda persona de la ciudad que quiera venir y verlas\u201d.<\/p>\n<p>Durante el evento, estuvieron presentes tambi\u00e9n la vicepresidenta de la instituci\u00f3n, Cristina Azcueta,\u00a0 adem\u00e1s de funcionarias del ejecutivo municipal, concejales y concejalas, y referentes locales.<\/p>\n<p>\u201cEs un gusto recorrer y conocer\u00a0 estos espacios tan cuidados\u201d y agradeci\u00f3 \u00a0el lugar cedido por el CCN\/BPAF para que funcione la subdelegaci\u00f3n del INADI en esta ciudad.<\/p>\n","protected":false},"excerpt":{"rendered":"<p>\u201cEs un placer estar ac\u00e1 porque se nota el esfuerzo que pone la Comisi\u00f3n Directiva para sostener espacios que abren la cultura a toda la comunidad\u201d, destac\u00f3 Victoria Donda. El Centro Cultural Necochea Biblioteca Popular Andr\u00e9s Ferreyra \u00a0(CCN\/BPAF) recibi\u00f3 este viernes 27 de mayo, a la presidenta del INADI (Instituto Nacional contra la Discriminaci\u00f3n, la [&hellip;]<\/p>\n","protected":false},"author":3,"featured_media":90223,"comment_status":"closed","ping_status":"closed","sticky":false,"template":"","format":"standard","meta":{"footnotes":""},"categories":[3],"tags":[],"class_list":["post-90222","post","type-post","status-publish","format-standard","has-post-thumbnail","category-masnoticias"],"_links":{"self":[{"href":"https:\/\/primicias2262.com\/noticias\/wp-json\/wp\/v2\/posts\/90222","targetHints":{"allow":["GET"]}}],"collection":[{"href":"https:\/\/primicias2262.com\/noticias\/wp-json\/wp\/v2\/posts"}],"about":[{"href":"https:\/\/primicias2262.com\/noticias\/wp-json\/wp\/v2\/types\/post"}],"author":[{"embeddable":true,"href":"https:\/\/primicias2262.com\/noticias\/wp-json\/wp\/v2\/users\/3"}],"replies":[{"embeddable":true,"href":"https:\/\/primicias2262.com\/noticias\/wp-json\/wp\/v2\/comments?post=90222"}],"version-history":[{"count":0,"href":"https:\/\/primicias2262.com\/noticias\/wp-json\/wp\/v2\/posts\/90222\/revisions"}],"wp:attachment":[{"href":"https:\/\/primicias2262.com\/noticias\/wp-json\/wp\/v2\/media?parent=90222"}],"wp:term":[{"taxonomy":"category","embeddable":true,"href":"https:\/\/primicias2262.com\/noticias\/wp-json\/wp\/v2\/categories?post=90222"},{"taxonomy":"post_tag","embeddable":true,"href":"https:\/\/primicias2262.com\/noticias\/wp-json\/wp\/v2\/tags?post=90222"}],"curies":[{"name":"wp","href":"https:\/\/api.w.org\/{rel}","templated":true}]}}