{"id":90244,"date":"2022-05-29T15:02:16","date_gmt":"2022-05-29T18:02:16","guid":{"rendered":"https:\/\/primicias2262.com\/?p=90244"},"modified":"2022-05-29T15:02:16","modified_gmt":"2022-05-29T18:02:16","slug":"el-partido-justicialista-local-comenzo-una-nueva-campana-de-afiliacion","status":"publish","type":"post","link":"https:\/\/primicias2262.com\/noticias\/el-partido-justicialista-local-comenzo-una-nueva-campana-de-afiliacion\/","title":{"rendered":"El Partido Justicialista local comenz\u00f3 una nueva campa\u00f1a de afiliaci\u00f3n"},"content":{"rendered":"<p>La primera parte del operativo se inici\u00f3 en la Plaza Dardo Rocha el 25 de mayo, cuando se registraron m\u00e1s de un centenar de incorporaciones al padr\u00f3n. Seguir\u00e1 recorriendo el distrito y tambi\u00e9n estar\u00e1 activo en la sede del movimiento. \u201cEs una demostraci\u00f3n de que el peronismo quiere renovarse\u201d, afirm\u00f3 el presidente Rivero.<\/p>\n<p>El pasado 25 de mayo, en un gazebo que estuvo apostado al pie del Monumento a Eva Per\u00f3n, en plena Plaza Dardo Rocha, comenz\u00f3 una nueva campa\u00f1a de afiliaci\u00f3n del Partido Justicialista local que dej\u00f3 como saldo la convocatoria de \u201cm\u00e1s de 150 personas, entre los que se incorporaron y los que se llevaron planillas\u201d, seg\u00fan revel\u00f3 en Voces de la Ciudad el presidente de la fuerza pol\u00edtica, Marcelo Rivero.<\/p>\n<p>A pesar del fr\u00edo y la lluvia, lo exitoso de esta primera parte del operativo provoc\u00f3 que ya est\u00e9n organizadas nuevas salidas. \u201cAhora vamos a continuar en Quequ\u00e9n, en el Monumento al General Per\u00f3n, y luego vamos a ir a las distintas plazas de nuestro distrito: La Dulce, Santamarina, Juan N. Fern\u00e1ndez y Claraz\u201d, afirm\u00f3 el dirigente.<\/p>\n<p>En el aire de FM Vinilo 103.5 MHz, el abogado cont\u00f3 que esta acci\u00f3n se lleva adelante debido a que \u201cfue uno de los compromisos que hab\u00edamos asumido en la campa\u00f1a, porque hab\u00eda mucha gente que no figuraba en los padrones y tambi\u00e9n j\u00f3venes que quer\u00edan incorporase al movimiento peronista y no ten\u00edan la posibilidad de afiliarse\u201d.<\/p>\n<p>A pesar de que el Partido Justicialista es, en nuestro distrito, la fuerza con mayor cantidad de adherentes, \u201ccasi 8 mil\u201d, seg\u00fan detall\u00f3 Rivero, el proyecto en el que se trabaja junto a las distintas organizaciones juveniles del movimiento intenta elevar el n\u00famero del padr\u00f3n a 9 mil.<\/p>\n<p>Para ello, \u201cnos hemos propuesto afiliar mil compa\u00f1eros y compa\u00f1eras m\u00e1s\u201d, aunque, en vistas de los primeros resultados, \u201ccreemos que probablemente podamos superar esa expectativa\u201d, afirm\u00f3 el Presidente reelecto.<\/p>\n<p>\u201cEl peronismo es federal, en el sentido de que todas las localidades del distrito tienen que tener la posibilidad de afiliarse\u201d, y \u201cesto es una muestra de que est\u00e1 vigente y que mucha gente sigue creyendo que es el movimiento pol\u00edtico capaz de poder cambiar las injusticias que se nos presentan a diario\u201d, conceptualiz\u00f3 el referente dom\u00e9stico, quien supo integrar las filas del Departamento Ejecutivo municipal durante las \u00faltimas intendencias justicialistas.<\/p>\n<p>Para terminar, el dirigente asegur\u00f3: \u201cPara nosotros es todo un desaf\u00edo poder lograr que el peronismo vuelva a tener un proyecto local con los mejores hombres y mujeres, para que el a\u00f1o que viene podamos tener una propuesta de cara a las elecciones que despierte orgullo entre los afiliados, porque en Necochea hubo much\u00edsimos gobiernos que fueron un orgullo y, lamentablemente, en los \u00faltimos a\u00f1os, eso se hab\u00eda olvidado un poco\u201d.<\/p>\n","protected":false},"excerpt":{"rendered":"<p>La primera parte del operativo se inici\u00f3 en la Plaza Dardo Rocha el 25 de mayo, cuando se registraron m\u00e1s de un centenar de incorporaciones al padr\u00f3n. Seguir\u00e1 recorriendo el distrito y tambi\u00e9n estar\u00e1 activo en la sede del movimiento. \u201cEs una demostraci\u00f3n de que el peronismo quiere renovarse\u201d, afirm\u00f3 el presidente Rivero. El pasado [&hellip;]<\/p>\n","protected":false},"author":3,"featured_media":90070,"comment_status":"closed","ping_status":"closed","sticky":false,"template":"","format":"standard","meta":{"footnotes":""},"categories":[3],"tags":[],"class_list":["post-90244","post","type-post","status-publish","format-standard","has-post-thumbnail","category-masnoticias"],"_links":{"self":[{"href":"https:\/\/primicias2262.com\/noticias\/wp-json\/wp\/v2\/posts\/90244","targetHints":{"allow":["GET"]}}],"collection":[{"href":"https:\/\/primicias2262.com\/noticias\/wp-json\/wp\/v2\/posts"}],"about":[{"href":"https:\/\/primicias2262.com\/noticias\/wp-json\/wp\/v2\/types\/post"}],"author":[{"embeddable":true,"href":"https:\/\/primicias2262.com\/noticias\/wp-json\/wp\/v2\/users\/3"}],"replies":[{"embeddable":true,"href":"https:\/\/primicias2262.com\/noticias\/wp-json\/wp\/v2\/comments?post=90244"}],"version-history":[{"count":0,"href":"https:\/\/primicias2262.com\/noticias\/wp-json\/wp\/v2\/posts\/90244\/revisions"}],"wp:attachment":[{"href":"https:\/\/primicias2262.com\/noticias\/wp-json\/wp\/v2\/media?parent=90244"}],"wp:term":[{"taxonomy":"category","embeddable":true,"href":"https:\/\/primicias2262.com\/noticias\/wp-json\/wp\/v2\/categories?post=90244"},{"taxonomy":"post_tag","embeddable":true,"href":"https:\/\/primicias2262.com\/noticias\/wp-json\/wp\/v2\/tags?post=90244"}],"curies":[{"name":"wp","href":"https:\/\/api.w.org\/{rel}","templated":true}]}}