{"id":90246,"date":"2022-05-29T15:09:42","date_gmt":"2022-05-29T18:09:42","guid":{"rendered":"https:\/\/primicias2262.com\/?p=90246"},"modified":"2022-05-29T15:09:42","modified_gmt":"2022-05-29T18:09:42","slug":"realizaran-una-intervencion-patrimonial-en-la-iglesia-santa-maria-del-carmen","status":"publish","type":"post","link":"https:\/\/primicias2262.com\/noticias\/realizaran-una-intervencion-patrimonial-en-la-iglesia-santa-maria-del-carmen\/","title":{"rendered":"Realizar\u00e1n una intervenci\u00f3n patrimonial en la Iglesia Santa Mar\u00eda del Carmen"},"content":{"rendered":"<p>Seg\u00fan explic\u00f3 el ingeniero Gustavo Pardal en el programa radial Voces de la Ciudad, los trabajos demandar\u00e1n entre dos y tres meses para finalizar y girar\u00e1n, principalmente, en torno a tareas de mantenimiento en el frente y el contrafrente del hist\u00f3rico edificio.<\/p>\n<p>El ingeniero Gustavo Pardal revel\u00f3 algunos de los par\u00e1metros en los que se enfocar\u00e1 la etapa de reparaciones que buscar\u00e1 dejar restaurado el edifico hist\u00f3rico de la Iglesia Nuestra Santa Mar\u00eda del Carmen, que en septiembre de 2023 estar\u00e1 cumpliendo 140 a\u00f1os desde su construcci\u00f3n.<\/p>\n<p>En aras de brindar datos fidedignos, el profesional record\u00f3 que \u201cse fund\u00f3 en el a\u00f1o 1883, dos a\u00f1os despu\u00e9s de la fundaci\u00f3n de la ciudad. Ah\u00ed se inici\u00f3 una construcci\u00f3n en los fondos de lo que es la actual parroquia, en un terreno de 6 por 15 metros\u201d, para certificar luego que, en la actualidad, \u201cla idea es hacer una intervenci\u00f3n patrimonial, en principio, a efectos de embellecerla y darle un merecido mantenimiento\u201d, que comprender\u00e1 reparaciones en frente y contrafrente.<\/p>\n<p>Tras relevar su presente conservaci\u00f3n de acuerdo a una evaluaci\u00f3n preliminar, el supervisor de obras civiles afirm\u00f3 que \u201cse encuentra en buen estado, va a cumplir 140 a\u00f1os y hay detalles de mantenimiento que hay que hacerle, como molduras que se han ca\u00eddo en el frente, fisuras, pero no tiene problemas estructurales\u201d.<\/p>\n<p>Entonces, \u201cla idea es hacerle un hidrolavado general para sacar el musgo, un tratamiento que no afecte los materiales originales, y restaurarla haciendo an\u00e1lisis de sus componentes en Buenos Aires, con una entidad que nos ha hecho ensayos para otros edificios patrimoniales que se han intervenido, configurando un producto similar al que se construy\u00f3, para no cambiar texturas\u201d.<\/p>\n<p>Adem\u00e1s, tambi\u00e9n se trabajar\u00e1 sobre las cornisas y los vitraux, \u201ccon un tratamiento de los marcos y reposici\u00f3n de los vidrios faltantes\u201d y se restaurar\u00e1n algunos objetos hist\u00f3ricos -como las l\u00e1mparas-, de cara a una \u201crevisi\u00f3n m\u00e1s profunda\u201d que se har\u00e1 una vez que comiencen los trabajos en elevaci\u00f3n, lo que permitir\u00e1 \u201ctener un detalle m\u00e1s acabado de lo que es la estructura, los techos y la c\u00fapula\u201d, expres\u00f3 Pardal.<\/p>\n<p>Con respecto a la parte interna del edificio, explic\u00f3 que \u201cel problema es de humedad en los muros laterales y medianeros, y de desprendimiento de estucados en los techos del altar, que tienen toda una estructura de madera\u201d.<\/p>\n<p>El ingeniero particip\u00f3 en un encuentro que se dio entre el padre Fernando Mendoza, actual p\u00e1rroco de la Iglesia, y el intendente Arturo Rojas, quien se comprometi\u00f3 a asumir los gastos de una obra en el lateral de la construcci\u00f3n, donde funciona el Centro C\u00edvico, que comprender\u00e1 la instalaci\u00f3n de una vereda perimetral que ayudar\u00e1 controlar esos problemas.<\/p>\n<p>Para terminar, el profesional se\u00f1al\u00f3 que los trabajos se prolongar\u00e1n a lo largo de entre 60 y 90 d\u00edas, periodo en el cual \u201cla idea es que siga funcionando la iglesia\u201d, mientras avanza la obra que se realizar\u00e1 \u00edntegramente con la colaboraci\u00f3n de sus fieles, y para lo que \u201cse est\u00e1 gestando la confecci\u00f3n de un bono contribuci\u00f3n\u201d.<\/p>\n","protected":false},"excerpt":{"rendered":"<p>Seg\u00fan explic\u00f3 el ingeniero Gustavo Pardal en el programa radial Voces de la Ciudad, los trabajos demandar\u00e1n entre dos y tres meses para finalizar y girar\u00e1n, principalmente, en torno a tareas de mantenimiento en el frente y el contrafrente del hist\u00f3rico edificio. El ingeniero Gustavo Pardal revel\u00f3 algunos de los par\u00e1metros en los que se [&hellip;]<\/p>\n","protected":false},"author":3,"featured_media":74486,"comment_status":"closed","ping_status":"closed","sticky":false,"template":"","format":"standard","meta":{"footnotes":""},"categories":[3],"tags":[],"class_list":["post-90246","post","type-post","status-publish","format-standard","has-post-thumbnail","category-masnoticias"],"_links":{"self":[{"href":"https:\/\/primicias2262.com\/noticias\/wp-json\/wp\/v2\/posts\/90246","targetHints":{"allow":["GET"]}}],"collection":[{"href":"https:\/\/primicias2262.com\/noticias\/wp-json\/wp\/v2\/posts"}],"about":[{"href":"https:\/\/primicias2262.com\/noticias\/wp-json\/wp\/v2\/types\/post"}],"author":[{"embeddable":true,"href":"https:\/\/primicias2262.com\/noticias\/wp-json\/wp\/v2\/users\/3"}],"replies":[{"embeddable":true,"href":"https:\/\/primicias2262.com\/noticias\/wp-json\/wp\/v2\/comments?post=90246"}],"version-history":[{"count":0,"href":"https:\/\/primicias2262.com\/noticias\/wp-json\/wp\/v2\/posts\/90246\/revisions"}],"wp:attachment":[{"href":"https:\/\/primicias2262.com\/noticias\/wp-json\/wp\/v2\/media?parent=90246"}],"wp:term":[{"taxonomy":"category","embeddable":true,"href":"https:\/\/primicias2262.com\/noticias\/wp-json\/wp\/v2\/categories?post=90246"},{"taxonomy":"post_tag","embeddable":true,"href":"https:\/\/primicias2262.com\/noticias\/wp-json\/wp\/v2\/tags?post=90246"}],"curies":[{"name":"wp","href":"https:\/\/api.w.org\/{rel}","templated":true}]}}