{"id":90274,"date":"2022-05-30T17:25:27","date_gmt":"2022-05-30T20:25:27","guid":{"rendered":"https:\/\/primicias2262.com\/?p=90274"},"modified":"2022-05-30T17:25:27","modified_gmt":"2022-05-30T20:25:27","slug":"fortalecer-a-todo-el-sector-emprendedor-es-una-decision-que-ha-tomado-el-intendente","status":"publish","type":"post","link":"https:\/\/primicias2262.com\/noticias\/fortalecer-a-todo-el-sector-emprendedor-es-una-decision-que-ha-tomado-el-intendente\/","title":{"rendered":"\u201cFortalecer a todo el sector emprendedor es una decisi\u00f3n que ha tomado el intendente\u201d"},"content":{"rendered":"<p>Antonela Giglio, directora municipal de Emprendimientos y Pymes, pas\u00f3 por el aire de Voces de la Ciudad para contar sobre las pol\u00edticas p\u00fablicas que impulsa el Departamento Ejecutivo para dar impulso al sector de los peque\u00f1os productores.<\/p>\n<p>Entrevistada por Jorge G\u00f3mez, conductor del ciclo radial, la funcionaria explic\u00f3 que \u201clos emprendedores necesitan saltar determinadas circunstancias, entonces tratamos de darles una mano para que salgan adelante, porque no son solo ellos, es todo lo que tracciona un emprendimiento, hacia donde puede llegar y todo el empleo que pueden generar de manera directa e indirecta\u201d.<\/p>\n<p>Con ese objetivo, revel\u00f3 que \u201cestamos brindando capacitaciones gratuitas\u201d, especificando sobre el Programa Emprender, que dio inicio por segundo a\u00f1o consecutivo la semana pasada, que se trata de \u201cuna formaci\u00f3n integral para emprendedores que dura, aproximadamente, dos meses y brinda herramientas desde c\u00f3mo planificar e idear un emprendimiento, c\u00f3mo llevarlo adelante, c\u00f3mo publicarlo en redes sociales, hasta c\u00f3mo vender los productos por internet, el famoso E-Commerce\u201d.<\/p>\n<p>Sobre la apuesta que realiza la administraci\u00f3n municipal destinando recursos para el crecimiento de este sector -o ecosistema, tal como le llaman en la jerga-, la titular del \u00e1rea que funciona bajo las directivas de Mat\u00edas Sierra indic\u00f3: \u201cIndirectamente, el Estado est\u00e1 financiando capacitaciones por las que, de otra manera, los emprendedores tendr\u00edan que sacar ese dinero de su bolsillo. Esa es una decisi\u00f3n que ha tomado el Intendente (Arturo Rojas) que apunta a fortalecer todo el sector con capacitaci\u00f3n de profesionales\u201d.<\/p>\n<p>Post pandemia, el n\u00famero de personas que buscan gestionar sus propios empleos se ha exponenciado potencialmente en Necochea, con productos que van desde la confecci\u00f3n de originales prendas textiles, como bikinis hechas a mano o bolsas t\u00e9rmicas, hasta la cuchiller\u00eda artesanal, pasando por rubros como la destiler\u00eda de Gyn o la innovaci\u00f3n en art\u00edculos de pesca.<\/p>\n<p>\u201cPrimero, tratamos de bridar apoyo para ver hacia d\u00f3nde quieren ir; porque, a veces, uno apunta a fabricar algo, hacerse un Instagram y ya quiere vender para tener sus ingresos, y ah\u00ed es cuando vienen las frustraciones, porque no es tan lineal. Uno tiene que planificar, idear a d\u00f3nde quiere apuntar, a qu\u00e9 p\u00fablico llegar, c\u00f3mo comunicar y luego, como una consecuencia, llegan las ventas. Tratamos de orientarlos en ese camino\u201d, asegur\u00f3 la funcionaria.<\/p>\n<p>Adem\u00e1s de contar que todos los d\u00edas reciben gente interesada en comenzar un proyecto propio en las oficinas de Avenida 2 y 79, desde cuando comienza una primera etapa de acercamiento y apoyo, y que existen tambi\u00e9n rondas de emprendedores en las que se articulan redes con los protagonistas del sector, Giglio confi\u00f3 que es uno de los pr\u00f3ximos objetivos del \u00e1rea \u201chacer un relevamiento m\u00e1s profundo del ecosistema, para conocer en exactitud cu\u00e1ntos emprendimientos hay, en qu\u00e9 ramas est\u00e1n -no solo los productivos, sino tambi\u00e9n comerciales-, para que, al momento de buscar financiamiento o pol\u00edticas nuevas a nivel nacional, vayamos con n\u00fameros concretos\u201d.<\/p>\n","protected":false},"excerpt":{"rendered":"<p>Antonela Giglio, directora municipal de Emprendimientos y Pymes, pas\u00f3 por el aire de Voces de la Ciudad para contar sobre las pol\u00edticas p\u00fablicas que impulsa el Departamento Ejecutivo para dar impulso al sector de los peque\u00f1os productores. Entrevistada por Jorge G\u00f3mez, conductor del ciclo radial, la funcionaria explic\u00f3 que \u201clos emprendedores necesitan saltar determinadas circunstancias, [&hellip;]<\/p>\n","protected":false},"author":3,"featured_media":90275,"comment_status":"closed","ping_status":"closed","sticky":false,"template":"","format":"standard","meta":{"footnotes":""},"categories":[3],"tags":[],"class_list":["post-90274","post","type-post","status-publish","format-standard","has-post-thumbnail","category-masnoticias"],"_links":{"self":[{"href":"https:\/\/primicias2262.com\/noticias\/wp-json\/wp\/v2\/posts\/90274","targetHints":{"allow":["GET"]}}],"collection":[{"href":"https:\/\/primicias2262.com\/noticias\/wp-json\/wp\/v2\/posts"}],"about":[{"href":"https:\/\/primicias2262.com\/noticias\/wp-json\/wp\/v2\/types\/post"}],"author":[{"embeddable":true,"href":"https:\/\/primicias2262.com\/noticias\/wp-json\/wp\/v2\/users\/3"}],"replies":[{"embeddable":true,"href":"https:\/\/primicias2262.com\/noticias\/wp-json\/wp\/v2\/comments?post=90274"}],"version-history":[{"count":0,"href":"https:\/\/primicias2262.com\/noticias\/wp-json\/wp\/v2\/posts\/90274\/revisions"}],"wp:attachment":[{"href":"https:\/\/primicias2262.com\/noticias\/wp-json\/wp\/v2\/media?parent=90274"}],"wp:term":[{"taxonomy":"category","embeddable":true,"href":"https:\/\/primicias2262.com\/noticias\/wp-json\/wp\/v2\/categories?post=90274"},{"taxonomy":"post_tag","embeddable":true,"href":"https:\/\/primicias2262.com\/noticias\/wp-json\/wp\/v2\/tags?post=90274"}],"curies":[{"name":"wp","href":"https:\/\/api.w.org\/{rel}","templated":true}]}}