{"id":90283,"date":"2022-05-30T22:10:30","date_gmt":"2022-05-31T01:10:30","guid":{"rendered":"https:\/\/primicias2262.com\/?p=90283"},"modified":"2022-05-30T22:10:30","modified_gmt":"2022-05-31T01:10:30","slug":"el-paseo-de-la-memoria-luce-iluminado-nuevamente","status":"publish","type":"post","link":"https:\/\/primicias2262.com\/noticias\/el-paseo-de-la-memoria-luce-iluminado-nuevamente\/","title":{"rendered":"El Paseo de la Memoria luce iluminado nuevamente"},"content":{"rendered":"<p>La Municipalidad de Necochea informa que en gestiones conjuntas con la Usina Popular Cooperativa, se logr\u00f3 reestablecer la iluminaci\u00f3n en el Paseo de la Memoria situado en la Plaza Dardo Rocha justo enfrente al exColegio Nacional.<\/p>\n<p>Atento a los reclamos surgidos por tratarse de un lugar con gran sentido de pertenencia, en el que se recuerda a diario a los detenidos-desaparecidos de nuestra ciudad durante el proceso militar, el Ejecutivo se comunic\u00f3 con autoridades de la cooperativa el\u00e9ctrica, quien solucion\u00f3 el problema que generaba cortes continuos en el lugar, lo que lo dejaba totalmente oscuro por momentos siendo el mismo una verdadera boca de lobo y, en consecuencia, un blanco perfecto para que se sucedan desmanes y actos de vandalismo.<\/p>\n<p>Con estas tareas, se prev\u00e9 que ya no se suceder\u00e1n estos micro cortes por lo que el sector por fin lucir\u00e1, como se merece, totalmente iluminado con luces LED de ultima generaci\u00f3n.<\/p>\n","protected":false},"excerpt":{"rendered":"<p>La Municipalidad de Necochea informa que en gestiones conjuntas con la Usina Popular Cooperativa, se logr\u00f3 reestablecer la iluminaci\u00f3n en el Paseo de la Memoria situado en la Plaza Dardo Rocha justo enfrente al exColegio Nacional. Atento a los reclamos surgidos por tratarse de un lugar con gran sentido de pertenencia, en el que se [&hellip;]<\/p>\n","protected":false},"author":3,"featured_media":90284,"comment_status":"closed","ping_status":"closed","sticky":false,"template":"","format":"standard","meta":{"footnotes":""},"categories":[3],"tags":[],"class_list":["post-90283","post","type-post","status-publish","format-standard","has-post-thumbnail","category-masnoticias"],"_links":{"self":[{"href":"https:\/\/primicias2262.com\/noticias\/wp-json\/wp\/v2\/posts\/90283","targetHints":{"allow":["GET"]}}],"collection":[{"href":"https:\/\/primicias2262.com\/noticias\/wp-json\/wp\/v2\/posts"}],"about":[{"href":"https:\/\/primicias2262.com\/noticias\/wp-json\/wp\/v2\/types\/post"}],"author":[{"embeddable":true,"href":"https:\/\/primicias2262.com\/noticias\/wp-json\/wp\/v2\/users\/3"}],"replies":[{"embeddable":true,"href":"https:\/\/primicias2262.com\/noticias\/wp-json\/wp\/v2\/comments?post=90283"}],"version-history":[{"count":0,"href":"https:\/\/primicias2262.com\/noticias\/wp-json\/wp\/v2\/posts\/90283\/revisions"}],"wp:attachment":[{"href":"https:\/\/primicias2262.com\/noticias\/wp-json\/wp\/v2\/media?parent=90283"}],"wp:term":[{"taxonomy":"category","embeddable":true,"href":"https:\/\/primicias2262.com\/noticias\/wp-json\/wp\/v2\/categories?post=90283"},{"taxonomy":"post_tag","embeddable":true,"href":"https:\/\/primicias2262.com\/noticias\/wp-json\/wp\/v2\/tags?post=90283"}],"curies":[{"name":"wp","href":"https:\/\/api.w.org\/{rel}","templated":true}]}}