{"id":90286,"date":"2022-05-31T10:05:20","date_gmt":"2022-05-31T13:05:20","guid":{"rendered":"https:\/\/primicias2262.com\/?p=90286"},"modified":"2022-05-31T10:05:20","modified_gmt":"2022-05-31T13:05:20","slug":"se-cumplieron-10-anos-de-la-historica-reapertura-del-natatorio-del-club-huracan","status":"publish","type":"post","link":"https:\/\/primicias2262.com\/noticias\/se-cumplieron-10-anos-de-la-historica-reapertura-del-natatorio-del-club-huracan\/","title":{"rendered":"Se cumplieron 10 a\u00f1os de la hist\u00f3rica reapertura del natatorio del Club Hurac\u00e1n"},"content":{"rendered":"<p><strong>\u201cParece mentira que ya hace 10 a\u00f1os de la reinauguraci\u00f3n, pero hoy lo vemos con frutos y estamos muy contentos\u201d, se\u00f1al\u00f3 el presidente de Hurac\u00e1n, Guillermo Massa, quien asegur\u00f3 que todo ser\u00e1 parte de una gran fiesta por los 103 a\u00f1os del club, que se cumplen el 24 de junio.<\/strong><\/p>\n<p>El pasado jueves 26 de mayo, se cumplieron 10 a\u00f1os de la hist\u00f3rica reapertura de la pileta de nataci\u00f3n del Club Hurac\u00e1n, que lejos de aquellas im\u00e1genes de abandono y desolaci\u00f3n de la d\u00e9cada del \u201990, hoy luce con una vida plena, y en un contexto festivo que tiene que ver con la proximidad del 103\u00ba aniversario de la entidad, que ser\u00e1 el venidero 24 de junio, aunque la fiesta con cena y baile se llevar\u00e1 a cabo el s\u00e1bado 25.<\/p>\n\n<p>Con un breve y emotivo comunicado en sus redes sociales, desde la entidad de la Av. 58 entre 77 y 79 expresaron: \u201cHoy se cumplen 10 a\u00f1os de la reapertura de nuestro natatorio. Luego de su destrucci\u00f3n en la d\u00e9cada del 90, y posterior recuperaci\u00f3n de nuestro club en el a\u00f1o 2009, finalmente en el 2012 fue su reinauguraci\u00f3n. De algo sirvi\u00f3 la lucha de muchos dirigentes -que incluso hoy ya no est\u00e1n-, de deportistas, socios y simpatizantes, con infinidad de reuniones con los distintos miembros del Departamento Ejecutivo y Deliberativo municipal durante m\u00e1s de 15 a\u00f1os. Vamos Hurac\u00e1n!\u201d.<\/p>\n\n<p>En funci\u00f3n de tan importante fecha, Primicias2262 dialog\u00f3 con el presidente de Hurac\u00e1n, Guillermo Massa, quien reflexion\u00f3 que \u201cpasa r\u00e1pido el tiempo, parece mentira que ya hace 10 a\u00f1os de la reinauguraci\u00f3n, pero hoy lo vemos con frutos y estamos todos muy contentos, trabaja mucha gente, hay muchos empleados y la camada de dirigentes es casi la misma, as\u00ed que lo tenemos muy presente\u201d.<\/p>\n<p>En dicha publicaci\u00f3n en las redes, se pod\u00edan observar im\u00e1genes de la destrucci\u00f3n en el natatorio y del club en general all\u00e1 por los a\u00f1os \u201990, y trazando una l\u00ednea imaginaria hasta la actualidad, el m\u00e1ximo dirigente del Globo sintetiz\u00f3 que \u201ces raro porque uno recuerda que en ese momento era duro, en mi caso particular vine de estudiar de Mar del Plata y ver eso en esas condiciones durante a\u00f1os no lo pod\u00eda creer, y despu\u00e9s el hecho de plantearle a las autoridades municipales que se le devuelva todo el predio al club\u2026 fueron m\u00e1s de 15 a\u00f1os y finalmente cuando se retorn\u00f3 en 2009, que volvimos a tomar posesi\u00f3n, ah\u00ed s\u00ed reci\u00e9n se pudo empezar a hablar de la reconstrucci\u00f3n\u201d.<\/p>\n<p><a href=\"https:\/\/primicias2262.com\/wp-content\/uploads\/2022\/05\/natatorio-Huracan3.jpg\"><img loading=\"lazy\" decoding=\"async\" class=\"aligncenter size-full wp-image-90290\" src=\"https:\/\/primicias2262.com\/wp-content\/uploads\/2022\/05\/natatorio-Huracan3.jpg\" alt=\"\" width=\"540\" height=\"540\" \/><\/a><\/p>\n<p>\u201cA fines de 2010 y principios de 2011 empez\u00f3 un trabajo bastante importante y complejo en el que hab\u00eda que revisar la estructura y dem\u00e1s, y finalmente en mayo de 2012 se reinaugur\u00f3\u201d, rememor\u00f3 Massa.<\/p>\n<p>Adem\u00e1s, el 103\u00ba aniversario de Hurac\u00e1n est\u00e1 muy pr\u00f3ximo (es el 24 de junio), y todo esto ser\u00e1 parte de un gran festejo: \u201cSe viene el aniversario del club y aprovechamos estos 103 a\u00f1os de Hurac\u00e1n, y tambi\u00e9n que hace dos a\u00f1os que no pod\u00edamos hacer fiestas por la pandemia, \u00a0y a su vez aprovecharemos este 10mo a\u00f1o de la reinauguraci\u00f3n de la pileta para la fiesta del s\u00e1bado 25 de junio\u201d, destac\u00f3 Massa, la cual se llevar\u00e1 a cabo en el Sal\u00f3n Dorado de la hist\u00f3rica entidad.<\/p>\n<audio class=\"wp-audio-shortcode\" id=\"audio-90286-1\" preload=\"none\" style=\"width: 100%;\" controls=\"controls\"><source type=\"audio\/mpeg\" src=\"https:\/\/primicias2262.com\/wp-content\/uploads\/2022\/05\/Guillermo-Massa-Huracan.mp3?_=1\" \/><a href=\"https:\/\/primicias2262.com\/wp-content\/uploads\/2022\/05\/Guillermo-Massa-Huracan.mp3\">https:\/\/primicias2262.com\/wp-content\/uploads\/2022\/05\/Guillermo-Massa-Huracan.mp3<\/a><\/audio>\n<p><strong>AUDIO Guillermo Massa<\/strong><\/p>\n","protected":false},"excerpt":{"rendered":"<p>\u201cParece mentira que ya hace 10 a\u00f1os de la reinauguraci\u00f3n, pero hoy lo vemos con frutos y estamos muy contentos\u201d, se\u00f1al\u00f3 el presidente de Hurac\u00e1n, Guillermo Massa, quien asegur\u00f3 que todo ser\u00e1 parte de una gran fiesta por los 103 a\u00f1os del club, que se cumplen el 24 de junio. El pasado jueves 26 de [&hellip;]<\/p>\n","protected":false},"author":3,"featured_media":90294,"comment_status":"closed","ping_status":"closed","sticky":false,"template":"","format":"standard","meta":{"footnotes":""},"categories":[3],"tags":[],"class_list":["post-90286","post","type-post","status-publish","format-standard","has-post-thumbnail","category-masnoticias"],"_links":{"self":[{"href":"https:\/\/primicias2262.com\/noticias\/wp-json\/wp\/v2\/posts\/90286","targetHints":{"allow":["GET"]}}],"collection":[{"href":"https:\/\/primicias2262.com\/noticias\/wp-json\/wp\/v2\/posts"}],"about":[{"href":"https:\/\/primicias2262.com\/noticias\/wp-json\/wp\/v2\/types\/post"}],"author":[{"embeddable":true,"href":"https:\/\/primicias2262.com\/noticias\/wp-json\/wp\/v2\/users\/3"}],"replies":[{"embeddable":true,"href":"https:\/\/primicias2262.com\/noticias\/wp-json\/wp\/v2\/comments?post=90286"}],"version-history":[{"count":0,"href":"https:\/\/primicias2262.com\/noticias\/wp-json\/wp\/v2\/posts\/90286\/revisions"}],"wp:attachment":[{"href":"https:\/\/primicias2262.com\/noticias\/wp-json\/wp\/v2\/media?parent=90286"}],"wp:term":[{"taxonomy":"category","embeddable":true,"href":"https:\/\/primicias2262.com\/noticias\/wp-json\/wp\/v2\/categories?post=90286"},{"taxonomy":"post_tag","embeddable":true,"href":"https:\/\/primicias2262.com\/noticias\/wp-json\/wp\/v2\/tags?post=90286"}],"curies":[{"name":"wp","href":"https:\/\/api.w.org\/{rel}","templated":true}]}}