{"id":90302,"date":"2022-05-31T13:48:22","date_gmt":"2022-05-31T16:48:22","guid":{"rendered":"https:\/\/primicias2262.com\/?p=90302"},"modified":"2022-05-31T13:48:22","modified_gmt":"2022-05-31T16:48:22","slug":"se-pone-en-marcha-una-vez-mas-la-campana-contra-el-frio-mantas-solidarias","status":"publish","type":"post","link":"https:\/\/primicias2262.com\/noticias\/se-pone-en-marcha-una-vez-mas-la-campana-contra-el-frio-mantas-solidarias\/","title":{"rendered":"Se pone en marcha una vez m\u00e1s la campa\u00f1a contra el fr\u00edo \u00abMantas Solidarias\u00bb"},"content":{"rendered":"<p><strong>Durante el a\u00f1o 2020, cuando la pandemia azotaba y las bajas temperaturas se hac\u00edan presente, naci\u00f3 el proyecto de \u201cMantas Solidarias\u201d, una idea de la acompa\u00f1ante terap\u00e9utico Gabriela Cutura, destinada no s\u00f3lo a combatir el fr\u00edo, sino a generar una actividad que le permitiera a personas de la tercera edad contrarrestar el aislamiento social.<\/strong><\/p>\n<p>A los pocos meses el municipio se pleg\u00f3 al gesto de Cutura y en este 2022 se est\u00e1 iniciando el tercer a\u00f1o del proyecto, acerca de lo cual la responsable de Discapacidad de la comuna, Camila Bianchi, adelant\u00f3 que <strong>todo lo que se consiga ser\u00e1 destinado a las familias que conforman la comunidad de Envi\u00f3n.<\/strong><\/p>\n<p>\u201cNos sumamos desde la Secretar\u00eda de Desarrollo Humano y Pol\u00edticas Sociales al proyecto de Mantas Solidarias, del cual tuvo la idea Gabriela Cutura, y que est\u00e1 declarado de Inter\u00e9s Municipal. El trabajo que hemos hecho en pandemia fue muy importante, pensamos en todos los adultos y adultas mayores que estaban en sus casas aislados, y esto era una forma de entretenerse y hacer algo productivo\u201d.<\/p>\n<p>Por su parte, Cutura resalt\u00f3 que \u201cestamos muy felices, esto empez\u00f3 en plena pandemia en 2020 cuando todos est\u00e1bamos absolutamente aislados y se hab\u00edan cortado todas las actividades. Al ser acompa\u00f1ante terap\u00e9utico de adultos mayores, un d\u00eda en casa se me ocurri\u00f3 esta idea, a partir de la cual adem\u00e1s de ayudar a combatir el fr\u00edo, ayud\u00e1bamos a nuestros adultos, que la estaban pasando muy mal\u201d.<\/p>\n\n<p>Relat\u00f3 adem\u00e1s que \u201cempez\u00f3 a crecer el proyecto de boca en boca, en las redes sociales y con el apoyo de Miss Lana y Beyt\u00eda Lanas. Todos se sumaron y llegamos a dar m\u00e1s de 100 mantas y m\u00e1s de 200 gorros\u201d, a lo que agreg\u00f3 que \u201cun d\u00eda Camila (Bianchi) me expres\u00f3 que en Desarrollo necesitaban unas mantas y le dije que no hab\u00eda problema, y ahora trabajamos en conjunto, as\u00ed que estamos nuevamente pidiendo la colaboraci\u00f3n de toda la comunidad\u201d.<\/p>\n<p>En tal sentido, asegur\u00f3 Cutura que \u201ctodo suma en este invierno, ya sea desde un bollito de lana o sacos tejidos que ya no se usan, a nosotros y otras personas nos sirven\u201d. Las lanas se pueden acercar a Desarrollo Humano (subsuelo del Centro C\u00edvico, en 58 y 61), a Miss Lana (62 N\u00ba 3147) o a Beyt\u00eda Lanas (57 N\u00ba 2887), \u201clugares donde hay cajas destinadas para colocar tanto cuadraditos tejidos como lana, o quien compre lana y quiera donar o le sobre puede acercarlo\u201d.<\/p>\n<p><strong>Tambi\u00e9n pueden comunicarse al contacto de Gabriela Cutura, 2262-361986<\/strong>: \u201cMe mandan un mensajito y coordinamos. Ya tengo gracias a Dios muchas donaciones y esperamos la colaboraci\u00f3n de todos como siempre\u201d, concluy\u00f3.<\/p>\n","protected":false},"excerpt":{"rendered":"<p>Durante el a\u00f1o 2020, cuando la pandemia azotaba y las bajas temperaturas se hac\u00edan presente, naci\u00f3 el proyecto de \u201cMantas Solidarias\u201d, una idea de la acompa\u00f1ante terap\u00e9utico Gabriela Cutura, destinada no s\u00f3lo a combatir el fr\u00edo, sino a generar una actividad que le permitiera a personas de la tercera edad contrarrestar el aislamiento social. A [&hellip;]<\/p>\n","protected":false},"author":3,"featured_media":90309,"comment_status":"closed","ping_status":"closed","sticky":false,"template":"","format":"standard","meta":{"footnotes":""},"categories":[3],"tags":[],"class_list":["post-90302","post","type-post","status-publish","format-standard","has-post-thumbnail","category-masnoticias"],"_links":{"self":[{"href":"https:\/\/primicias2262.com\/noticias\/wp-json\/wp\/v2\/posts\/90302","targetHints":{"allow":["GET"]}}],"collection":[{"href":"https:\/\/primicias2262.com\/noticias\/wp-json\/wp\/v2\/posts"}],"about":[{"href":"https:\/\/primicias2262.com\/noticias\/wp-json\/wp\/v2\/types\/post"}],"author":[{"embeddable":true,"href":"https:\/\/primicias2262.com\/noticias\/wp-json\/wp\/v2\/users\/3"}],"replies":[{"embeddable":true,"href":"https:\/\/primicias2262.com\/noticias\/wp-json\/wp\/v2\/comments?post=90302"}],"version-history":[{"count":0,"href":"https:\/\/primicias2262.com\/noticias\/wp-json\/wp\/v2\/posts\/90302\/revisions"}],"wp:attachment":[{"href":"https:\/\/primicias2262.com\/noticias\/wp-json\/wp\/v2\/media?parent=90302"}],"wp:term":[{"taxonomy":"category","embeddable":true,"href":"https:\/\/primicias2262.com\/noticias\/wp-json\/wp\/v2\/categories?post=90302"},{"taxonomy":"post_tag","embeddable":true,"href":"https:\/\/primicias2262.com\/noticias\/wp-json\/wp\/v2\/tags?post=90302"}],"curies":[{"name":"wp","href":"https:\/\/api.w.org\/{rel}","templated":true}]}}