{"id":90317,"date":"2022-05-31T14:02:16","date_gmt":"2022-05-31T17:02:16","guid":{"rendered":"https:\/\/primicias2262.com\/?p=90317"},"modified":"2022-05-31T14:02:16","modified_gmt":"2022-05-31T17:02:16","slug":"marcenac-contra-la-postura-armamentista-de-milei-es-un-tema-que-desconoce-totalmente","status":"publish","type":"post","link":"https:\/\/primicias2262.com\/noticias\/marcenac-contra-la-postura-armamentista-de-milei-es-un-tema-que-desconoce-totalmente\/","title":{"rendered":"Marcenac contra la postura armamentista de Milei: \u201cEs un tema que desconoce totalmente\u201d"},"content":{"rendered":"<p>El integrante de la Red Argentina para el Desarme, a poco de que se cumplan 16 a\u00f1os del asesinato de su hijo Alfredo en CABA, opin\u00f3 sobre los dichos del diputado nacional Javier Milei que \u201ctendr\u00eda que tener un poco de conciencia ciudadana\u201d y no \u201chablar con tanta ligereza\u201d.<\/p>\n<p>Adri\u00e1n Marcenac, integrante de la Red Argentina para el Desarme (RAD), contest\u00f3 en el aire de Voces de la Ciudad a los dichos del diputado Milei, quien declar\u00f3 en un medio capitalino, un d\u00eda despu\u00e9s del tiroteo en la escuela de Texas (EE.UU.) que dej\u00f3 a una veintena de muertos, estar a favor de \u201cla libre portaci\u00f3n de armas\u201d, y justific\u00f3 su postura aduciendo que \u201ccuando a una actividad le baj\u00e1s el costo y aumenta el beneficio, esa actividad se expande. Cuando prohib\u00eds el uso de armas, los delincuentes la usan igual. Aumentan los beneficios esperados y hay m\u00e1s delincuencia\u201d.<\/p>\n<p>\u201cMe llama la atenci\u00f3n que alguien que tiene un cargo electivo hable con tanta liviandad de un tema que desconoce totalmente, porque relacionar el hecho de Estados Unidos, esas matanzas masivas que tienen, con la inseguridad en la Argentina no tiene absolutamente nada que ver\u201d, asegur\u00f3 durante una entrevista con el periodista Jorge G\u00f3mez.<\/p>\n<p>De profesi\u00f3n ingeniero, Marcenac se convirti\u00f3 en un ferviente militante de la lucha por el desarme de la sociedad civil tras el asesinato de su hijo Alfredo, el 6 de julio de 2006, en manos de Mart\u00edn R\u00edos, tr\u00e1gicamente conocido como \u201cEl Tirador de Belgrano\u201d.<\/p>\n<p>Posteriormente, junto a su esposa, M\u00f3nica Bouyssede, crearon la Asociaci\u00f3n Civil \u201cAlfredo Marcenac\u201d, que forma parte de la RAD, e impulsan el Programa Nacional de Entrega Voluntaria de Armas de Fuego y Municiones que ya logr\u00f3 sacar de circulaci\u00f3n unos 400 mil de estos artefactos de las calles de todo el pa\u00eds.<\/p>\n<p>Sobre los dichos vertidos por el legislador de Avanza Libertad, se\u00f1al\u00f3 que \u201cpara m\u00ed, dijo una frase grandilocuente para hacer un llamado de atenci\u00f3n, pero realmente tendr\u00eda que tener un poco de conciencia ciudadana como futuro funcionario de hablar con tanta ligereza\u201d, y advirti\u00f3 que \u201ccon la libre portaci\u00f3n de armas nuestro pa\u00eds ser\u00eda un tiroteo permanente\u201d.<\/p>\n<p>Adem\u00e1s, calific\u00f3 de falaz la justificaci\u00f3n de la tenencia apoyada en la \u201cfamosa defensa de los delincuentes\u201d, ya que \u201cen nuestro pa\u00eds, desde 1980 hasta la actualidad, los datos que surgen del Ministerio de Salud de la Naci\u00f3n indican que el promedio de muertes es de 8 personas por d\u00eda por arma de fuego, y solo el 15% tiene que ver con una actitud de delito\u201d.<\/p>\n<p>El Programa Nacional de Entrega Voluntaria de Armas est\u00e1 inactivo desde el pasado 31 de diciembre, cuando venci\u00f3 su pr\u00f3rroga. Mientras espera, con escepticismo y algo de enojo, que la C\u00e1mara de Senadores -la originaria- conforme la comisi\u00f3n correspondiente para tratar la renovaci\u00f3n del operativo, Marcenac explic\u00f3 que su objetivo \u201ces sacar las armas de la casa de las familias, que la gente tiene por herencia, y facilit\u00e1rselas al Estado, que permite el desarmar voluntario, de manera an\u00f3nima y, encima, brinda un incentivo econ\u00f3mico\u201d.<\/p>\n<p>En ese contexto, indic\u00f3 que \u201clas armas que circulan en manos de los delincuentes no son un problema que va a solucionar el programa. Ese un problema totalmente policial y judicial, y hay que exigirles, porque no hacen nada. En el tema de las armas hay una complicidad permanente de la Polic\u00eda, el sistema judicial y el sistema de circulaci\u00f3n de armas. Es necesario que empiecen a trabajar en serio\u201d.<\/p>\n<p>Para despedirse, el ingeniero asegur\u00f3 que \u00abcuando uno escucha que el Estado nacional tiene 1.700.000 armas registradas es una mentira falaz, porque es una verdad a medias; de hecho, una mentira. De esas armas, solo tienen licencia vigente alrededor de 300 mil, o sea que las otras son parte de las 4 millones de armas que est\u00e1n circulando sin control estatal\u201d.<\/p>\n","protected":false},"excerpt":{"rendered":"<p>El integrante de la Red Argentina para el Desarme, a poco de que se cumplan 16 a\u00f1os del asesinato de su hijo Alfredo en CABA, opin\u00f3 sobre los dichos del diputado nacional Javier Milei que \u201ctendr\u00eda que tener un poco de conciencia ciudadana\u201d y no \u201chablar con tanta ligereza\u201d. Adri\u00e1n Marcenac, integrante de la Red [&hellip;]<\/p>\n","protected":false},"author":3,"featured_media":90318,"comment_status":"closed","ping_status":"closed","sticky":false,"template":"","format":"standard","meta":{"footnotes":""},"categories":[3],"tags":[],"class_list":["post-90317","post","type-post","status-publish","format-standard","has-post-thumbnail","category-masnoticias"],"_links":{"self":[{"href":"https:\/\/primicias2262.com\/noticias\/wp-json\/wp\/v2\/posts\/90317","targetHints":{"allow":["GET"]}}],"collection":[{"href":"https:\/\/primicias2262.com\/noticias\/wp-json\/wp\/v2\/posts"}],"about":[{"href":"https:\/\/primicias2262.com\/noticias\/wp-json\/wp\/v2\/types\/post"}],"author":[{"embeddable":true,"href":"https:\/\/primicias2262.com\/noticias\/wp-json\/wp\/v2\/users\/3"}],"replies":[{"embeddable":true,"href":"https:\/\/primicias2262.com\/noticias\/wp-json\/wp\/v2\/comments?post=90317"}],"version-history":[{"count":0,"href":"https:\/\/primicias2262.com\/noticias\/wp-json\/wp\/v2\/posts\/90317\/revisions"}],"wp:attachment":[{"href":"https:\/\/primicias2262.com\/noticias\/wp-json\/wp\/v2\/media?parent=90317"}],"wp:term":[{"taxonomy":"category","embeddable":true,"href":"https:\/\/primicias2262.com\/noticias\/wp-json\/wp\/v2\/categories?post=90317"},{"taxonomy":"post_tag","embeddable":true,"href":"https:\/\/primicias2262.com\/noticias\/wp-json\/wp\/v2\/tags?post=90317"}],"curies":[{"name":"wp","href":"https:\/\/api.w.org\/{rel}","templated":true}]}}