{"id":90320,"date":"2022-05-31T14:10:25","date_gmt":"2022-05-31T17:10:25","guid":{"rendered":"https:\/\/primicias2262.com\/?p=90320"},"modified":"2022-05-31T14:10:25","modified_gmt":"2022-05-31T17:10:25","slug":"habra-una-movilizacion-para-reclamar-la-reapertura-del-pami-de-quequen","status":"publish","type":"post","link":"https:\/\/primicias2262.com\/noticias\/habra-una-movilizacion-para-reclamar-la-reapertura-del-pami-de-quequen\/","title":{"rendered":"Habr\u00e1 una movilizaci\u00f3n para reclamar la reapertura del PAMI de Quequ\u00e9n"},"content":{"rendered":"<p dir=\"auto\">Los \u00a0vecinos de Quequ\u00e9n conjuntamente con entidades intermedias, \u00a0distintas agrupaciones y gestores pol\u00edticos contin\u00faan reclamando la reapertura de la oficina de PAMI en Quequ\u00e9n.<\/p>\n<p dir=\"auto\">\u00abSe ha escuchado en varias oportunidades que est\u00e1 todo listo y que pronto el reclamo estar\u00eda materializado, pero pasan los a\u00f1os, meses y los afiliados de PAMI de Quequ\u00e9n siguen en la misma situaci\u00f3n: no hay fecha de reapertura, \u00a0para nosotros la \u00fanica verdad es la realidad\u00bb, manifestaron los organizadores de una movilizaci\u00f3n que se concretar\u00e1 este mi\u00e9rcoles a las 10.30, desde el Centro de Jubilados de avenida 519 N\u00b0 2966.<\/p>\n<p dir=\"auto\">Agregaron que \u00abeste reclamo est\u00e1 fundado en la necesidad de dar respuesta a los adultos mayores, grupo m\u00e1s vulnerable, que necesita que se le faciliten los tr\u00e1mites que deben realizar para su acceso a la salud, y no se les complique oblig\u00e1ndolos a trasladarse a una oficina en Necochea\u00bb.<\/p>\n<p dir=\"auto\">Las palabras que se escuchan en la calle \u201cqueremos el pami en Quequ\u00e9n, no puede ser que nos sigan quitando cosas, nos tenemos que hacer escuchar sin perjudicar a los vecinos en horario de escuela y entrada o salida del trabajo\u201d, indicaron.<\/p>\n<p dir=\"auto\">Por este motivo este mi\u00e9rcoles de 10.30 a 11.30 horas se realizar\u00e1 una medida de reclamo en el puente Dardo Rocha.<\/p>\n<div dir=\"auto\"><\/div>\n","protected":false},"excerpt":{"rendered":"<p>Los \u00a0vecinos de Quequ\u00e9n conjuntamente con entidades intermedias, \u00a0distintas agrupaciones y gestores pol\u00edticos contin\u00faan reclamando la reapertura de la oficina de PAMI en Quequ\u00e9n. \u00abSe ha escuchado en varias oportunidades que est\u00e1 todo listo y que pronto el reclamo estar\u00eda materializado, pero pasan los a\u00f1os, meses y los afiliados de PAMI de Quequ\u00e9n siguen en [&hellip;]<\/p>\n","protected":false},"author":3,"featured_media":90321,"comment_status":"closed","ping_status":"closed","sticky":false,"template":"","format":"standard","meta":{"footnotes":""},"categories":[3],"tags":[],"class_list":["post-90320","post","type-post","status-publish","format-standard","has-post-thumbnail","category-masnoticias"],"_links":{"self":[{"href":"https:\/\/primicias2262.com\/noticias\/wp-json\/wp\/v2\/posts\/90320","targetHints":{"allow":["GET"]}}],"collection":[{"href":"https:\/\/primicias2262.com\/noticias\/wp-json\/wp\/v2\/posts"}],"about":[{"href":"https:\/\/primicias2262.com\/noticias\/wp-json\/wp\/v2\/types\/post"}],"author":[{"embeddable":true,"href":"https:\/\/primicias2262.com\/noticias\/wp-json\/wp\/v2\/users\/3"}],"replies":[{"embeddable":true,"href":"https:\/\/primicias2262.com\/noticias\/wp-json\/wp\/v2\/comments?post=90320"}],"version-history":[{"count":0,"href":"https:\/\/primicias2262.com\/noticias\/wp-json\/wp\/v2\/posts\/90320\/revisions"}],"wp:attachment":[{"href":"https:\/\/primicias2262.com\/noticias\/wp-json\/wp\/v2\/media?parent=90320"}],"wp:term":[{"taxonomy":"category","embeddable":true,"href":"https:\/\/primicias2262.com\/noticias\/wp-json\/wp\/v2\/categories?post=90320"},{"taxonomy":"post_tag","embeddable":true,"href":"https:\/\/primicias2262.com\/noticias\/wp-json\/wp\/v2\/tags?post=90320"}],"curies":[{"name":"wp","href":"https:\/\/api.w.org\/{rel}","templated":true}]}}