{"id":90323,"date":"2022-05-31T13:14:03","date_gmt":"2022-05-31T16:14:03","guid":{"rendered":"https:\/\/primicias2262.com\/?p=90323"},"modified":"2022-05-31T13:14:03","modified_gmt":"2022-05-31T16:14:03","slug":"ediciones-bonaerenses-entrego-nuevos-titulos-al-centro-cultural","status":"publish","type":"post","link":"https:\/\/primicias2262.com\/noticias\/ediciones-bonaerenses-entrego-nuevos-titulos-al-centro-cultural\/","title":{"rendered":"\u00abEdiciones Bonaerenses\u00bb entreg\u00f3 nuevos t\u00edtulos al Centro Cultural"},"content":{"rendered":"<p>\u201cEdiciones Bonaerenses\u201d, la editorial de la Provincia de Buenos Aires, entreg\u00f3 al Centro Cultural Necochea Biblioteca Popular Andr\u00e9s Ferreyra (<strong>CCN\/BPAF<\/strong>), tres nuevos t\u00edtulos. Dos de estos (<strong>Luces de mercurio<\/strong>. Concurso Haroldo Conti 2015 y <strong>Pasajeras esas nubes<\/strong>. 7 poetas bonaerenses) pertenecen a la colecci\u00f3n \u00abNuevas Narrativas\u00bb y surgieron de convocatorias a escritores de la provincia, y el tercero (<strong>En prensa [1955-1976]<\/strong>) es un trabajo editorial que re\u00fane la obra period\u00edstica de Haroldo Conti e inaugura la colecci\u00f3n \u00abCl\u00e1sicos Bonaerenses\u00bb.<\/p>\n<p>\u201cDesde la creaci\u00f3n de esta editorial p\u00fablica y estatal nos interes\u00f3 pensar en las bibliotecas de nuestra provincia como espacios multiplicadores de palabras\u201d, se\u00f1al\u00f3 a trav\u00e9s de una misiva, Guillermo Korn, director editorial.<\/p>\n<p>\u201cSe trata de tres libros que fueron impresos en DIPIDE (Imprentas del Estado Bonaerense) y que buscan fortalecer el patrimonio cultural\u201d, agreg\u00f3.<\/p>\n<p>\u201cEdiciones Bonaerenses\u201d fue creada el 18 de mayo de 2020 y su cat\u00e1logo busca fortalecer, expandir y promocionar el patrimonio cultural provincial.<\/p>\n<p>Los nuevos t\u00edtulos adquiridos por el <strong>CCN\/BPAF<\/strong> \u00a0se encuentran a disposici\u00f3n del p\u00fablico en general para la lectura en sala, mientras que quienes son socios de la instituci\u00f3n podr\u00e1n retirarlos en pr\u00e9stamo.<\/p>\n<p>Cabe recordar que la Biblioteca del CCN\/BPAF se encuentra en el primer piso, y atiende al p\u00fablico de lunes a viernes, de 14:00 a 20:00 horas. Est\u00e1 ubicada en calle 54 entre 61 y 63.<\/p>\n","protected":false},"excerpt":{"rendered":"<p>\u201cEdiciones Bonaerenses\u201d, la editorial de la Provincia de Buenos Aires, entreg\u00f3 al Centro Cultural Necochea Biblioteca Popular Andr\u00e9s Ferreyra (CCN\/BPAF), tres nuevos t\u00edtulos. Dos de estos (Luces de mercurio. Concurso Haroldo Conti 2015 y Pasajeras esas nubes. 7 poetas bonaerenses) pertenecen a la colecci\u00f3n \u00abNuevas Narrativas\u00bb y surgieron de convocatorias a escritores de la provincia, [&hellip;]<\/p>\n","protected":false},"author":3,"featured_media":90324,"comment_status":"closed","ping_status":"closed","sticky":false,"template":"","format":"standard","meta":{"footnotes":""},"categories":[3],"tags":[],"class_list":["post-90323","post","type-post","status-publish","format-standard","has-post-thumbnail","category-masnoticias"],"_links":{"self":[{"href":"https:\/\/primicias2262.com\/noticias\/wp-json\/wp\/v2\/posts\/90323","targetHints":{"allow":["GET"]}}],"collection":[{"href":"https:\/\/primicias2262.com\/noticias\/wp-json\/wp\/v2\/posts"}],"about":[{"href":"https:\/\/primicias2262.com\/noticias\/wp-json\/wp\/v2\/types\/post"}],"author":[{"embeddable":true,"href":"https:\/\/primicias2262.com\/noticias\/wp-json\/wp\/v2\/users\/3"}],"replies":[{"embeddable":true,"href":"https:\/\/primicias2262.com\/noticias\/wp-json\/wp\/v2\/comments?post=90323"}],"version-history":[{"count":0,"href":"https:\/\/primicias2262.com\/noticias\/wp-json\/wp\/v2\/posts\/90323\/revisions"}],"wp:attachment":[{"href":"https:\/\/primicias2262.com\/noticias\/wp-json\/wp\/v2\/media?parent=90323"}],"wp:term":[{"taxonomy":"category","embeddable":true,"href":"https:\/\/primicias2262.com\/noticias\/wp-json\/wp\/v2\/categories?post=90323"},{"taxonomy":"post_tag","embeddable":true,"href":"https:\/\/primicias2262.com\/noticias\/wp-json\/wp\/v2\/tags?post=90323"}],"curies":[{"name":"wp","href":"https:\/\/api.w.org\/{rel}","templated":true}]}}