{"id":90332,"date":"2022-06-01T12:34:57","date_gmt":"2022-06-01T15:34:57","guid":{"rendered":"https:\/\/primicias2262.com\/?p=90332"},"modified":"2022-06-01T12:34:57","modified_gmt":"2022-06-01T15:34:57","slug":"numerosas-obras-en-el-predio-deportivo-y-en-la-sede-del-club-ministerio-de-quequen","status":"publish","type":"post","link":"https:\/\/primicias2262.com\/noticias\/numerosas-obras-en-el-predio-deportivo-y-en-la-sede-del-club-ministerio-de-quequen\/","title":{"rendered":"Numerosas obras en el predio deportivo y en la sede del Club Ministerio de Quequ\u00e9n"},"content":{"rendered":"<p><strong>La presencia de una camada de nuevos dirigentes, encabezados por su presidente, Mario Wilgenhoff, junto a otros decanos de la entidad, ha permitido la concreci\u00f3n de numerosas iniciativas y prop\u00f3sitos tanto en la importante \u00e1rea deportiva que posee el club como en la concurrida sede de 554 y 519 <\/strong><\/p>\n<p><strong><a href=\"https:\/\/primicias2262.com\/wp-content\/uploads\/2021\/08\/Gomez.jpg\"><img loading=\"lazy\" decoding=\"async\" class=\"alignleft size-medium wp-image-80409\" src=\"https:\/\/primicias2262.com\/wp-content\/uploads\/2021\/08\/Gomez-269x300.jpg\" alt=\"\" width=\"269\" height=\"300\" \/><\/a>Por Jorge G\u00f3mez<\/strong><\/p>\n<p>El Club Ministerio de Obras P\u00fablicas de Quequ\u00e9n viene concretando en los \u00faltimos tres a\u00f1os -incluso en el coraz\u00f3n de la pandemia por el Covid- una seguidilla de iniciativas que han puesto en valor tanto a la concurrida sede social que est\u00e1 situada en el cruce de la avenida 554 y la calle 519, que hasta d\u00edas atr\u00e1s act\u00fao como uno de los vacunatorios que habilit\u00f3 el Ministerio de Salud de la Provincia para inocular en atenci\u00f3n a aquella emergencia sanitaria, como as\u00ed en el predio deportivo que se halla transitando por la citada avenida, en cercan\u00edas al concurrido cruce de la avenida Almirante Brown.<\/p>\n<p>El importante cambio se ha podido reflejar en acciones concretadas, ejecutadas previa y durante la mencionada pandemia, como as\u00ed tambi\u00e9n en esta etapa del ejercicio 2022 que a\u00fan encuentra en atenci\u00f3n sanitaria a la sociedad, pero que est\u00e1 permitiendo el concreto desarrollo de proyectos de parte de la instituci\u00f3n decana del deporte quequenense.<\/p>\n<p>Encabezada la comisi\u00f3n directiva por su presidente, Mario Wilgenhoff, y fundada las acciones en las fotos que se adjuntan en este informe, se puede cotejar la planificaci\u00f3n de tareas diversas para lo cual se ha contado con el apoyo de la masa societaria -la que viene aumentando en su n\u00famero de adherentes-, al igual que de vecinos e instituciones de nuestras ciudades que cotidianamente siguen de cerca la integraci\u00f3n de la instituci\u00f3n en diversos frentes, no s\u00f3lo el deportivo.<\/p>\n<p><a href=\"https:\/\/primicias2262.com\/wp-content\/uploads\/2022\/06\/10-copia-1.jpg\"><img loading=\"lazy\" decoding=\"async\" class=\"alignright size-medium wp-image-90333\" src=\"https:\/\/primicias2262.com\/wp-content\/uploads\/2022\/06\/10-copia-1-300x164.jpg\" alt=\"\" width=\"300\" height=\"164\" \/><\/a>Vale citar que en diciembre de 2018, el Club Ministerio de Quequ\u00e9n comenz\u00f3 con la construcci\u00f3n de un \u00e1rea de fogones en su predio deportivo, mientras que en enero de 2019 -o sea al mes siguiente- se dio inicio con el cerramiento de la primera cancha de f\u00fatbol auxiliar.<\/p>\n<p>Las instant\u00e1neas que acompa\u00f1an esta cr\u00f3nica dan cuenta, adem\u00e1s, del antes y el despu\u00e9s de la situaci\u00f3n edilicia de la casa de los caseros que tienen a su cargo la atenci\u00f3n de este espacio abierto a las actividades deportivas quequenenses.<\/p>\n<p>El consiguiente cerramiento y colocaci\u00f3n de bancos de suplentes en la segunda cancha auxiliar fue otro proyecto ya concretado, algo que tuvo lugar y desarrollo en el devenir de los meses de pandemia, o sea en el primer a\u00f1o de esta emergencia, en 2020.<\/p>\n<p>Se trabaj\u00f3 tambi\u00e9n en el predio de deportes para darle m\u00e1s altura a las columnas de iluminaci\u00f3n extraordinaria, disponi\u00e9ndose de ca\u00f1os de 3 metros, con parrilla, lo que permiti\u00f3 la colocaci\u00f3n de los reflectores que est\u00e1n operativos, generando una luminosidad nocturna que resalta y que ha sido reconocida por propios y extra\u00f1os por su calidad. Paralelo a ello, se procedi\u00f3 a la pintura de tales columnas.<\/p>\n<p>Vale apuntar que previamente a este plan se encontraban habilitados dos reflectores que funcionaban a base se sodio. En la actualidad se observan 36 reflectores de LED -6 por columnas, en lo que es la segunda cancha auxiliar.<\/p>\n<p>Asimismo, se procedi\u00f3 a colocar reflectores lum\u00ednicos en el \u00e1rea de fogones y en espacios linderos, interiores al complejo, que son parte del parque de deportes que tiene Ministerio sobre la avenida 554.<\/p>\n<p>Tambi\u00e9n se anota en la presente gesti\u00f3n de conducci\u00f3n que lleva adelante el Club Ministerio de Quequ\u00e9n el recambio del port\u00f3n de ingreso para la ambulancia ante una emergencia que se produzca en la cancha principal.<\/p>\n<p>Este elemento es corredizo, lo que facilita su movimiento ante circunstancias que requieran de este servicio.<\/p>\n<p>No menos importante son las tareas de recambio del techo de la sede social. Fueron reemplazadas las viejas \u2013\u201cdecanas\u201d- chapas de fibrocemento por las nuevas galvanizadas, en un abordaje de mejoramiento del edificio que est\u00e1 en plena expansi\u00f3n y que prev\u00e9 otras mejoras de aqu\u00ed a fin de a\u00f1o.<\/p>\n<p>Todo lo se\u00f1alado por aqu\u00ed se ratifica en la bater\u00eda de fotos que ante el requerimiento de este cronista fueron enviadas por Mario Wilgenhoff, en calidad de presidente del club e integrante de la camada de nuevos dirigentes que junto a otros con experiencia en la entidad deportiva han podido configurar una agenda de objetivos, planificados al fin, no tan s\u00f3lo mirando cuestiones de tinte deportivo, que es la esencia del club, sino tambi\u00e9n permiti\u00e9ndose sumar un perfil social, en abierta colaboraci\u00f3n y prop\u00f3sitos que son planteados por la sociedad quequenense y necochense.<\/p>\n","protected":false},"excerpt":{"rendered":"<p>La presencia de una camada de nuevos dirigentes, encabezados por su presidente, Mario Wilgenhoff, junto a otros decanos de la entidad, ha permitido la concreci\u00f3n de numerosas iniciativas y prop\u00f3sitos tanto en la importante \u00e1rea deportiva que posee el club como en la concurrida sede de 554 y 519 Por Jorge G\u00f3mez El Club Ministerio [&hellip;]<\/p>\n","protected":false},"author":3,"featured_media":90334,"comment_status":"closed","ping_status":"closed","sticky":false,"template":"","format":"standard","meta":{"footnotes":""},"categories":[3],"tags":[],"class_list":["post-90332","post","type-post","status-publish","format-standard","has-post-thumbnail","category-masnoticias"],"_links":{"self":[{"href":"https:\/\/primicias2262.com\/noticias\/wp-json\/wp\/v2\/posts\/90332","targetHints":{"allow":["GET"]}}],"collection":[{"href":"https:\/\/primicias2262.com\/noticias\/wp-json\/wp\/v2\/posts"}],"about":[{"href":"https:\/\/primicias2262.com\/noticias\/wp-json\/wp\/v2\/types\/post"}],"author":[{"embeddable":true,"href":"https:\/\/primicias2262.com\/noticias\/wp-json\/wp\/v2\/users\/3"}],"replies":[{"embeddable":true,"href":"https:\/\/primicias2262.com\/noticias\/wp-json\/wp\/v2\/comments?post=90332"}],"version-history":[{"count":0,"href":"https:\/\/primicias2262.com\/noticias\/wp-json\/wp\/v2\/posts\/90332\/revisions"}],"wp:attachment":[{"href":"https:\/\/primicias2262.com\/noticias\/wp-json\/wp\/v2\/media?parent=90332"}],"wp:term":[{"taxonomy":"category","embeddable":true,"href":"https:\/\/primicias2262.com\/noticias\/wp-json\/wp\/v2\/categories?post=90332"},{"taxonomy":"post_tag","embeddable":true,"href":"https:\/\/primicias2262.com\/noticias\/wp-json\/wp\/v2\/tags?post=90332"}],"curies":[{"name":"wp","href":"https:\/\/api.w.org\/{rel}","templated":true}]}}