{"id":90379,"date":"2022-06-02T13:33:21","date_gmt":"2022-06-02T16:33:21","guid":{"rendered":"https:\/\/primicias2262.com\/?p=90379"},"modified":"2022-06-02T13:33:21","modified_gmt":"2022-06-02T16:33:21","slug":"la-colecta-actitud-solidaria-tendra-este-ano-dos-ediciones","status":"publish","type":"post","link":"https:\/\/primicias2262.com\/noticias\/la-colecta-actitud-solidaria-tendra-este-ano-dos-ediciones\/","title":{"rendered":"La colecta \u00abActitud Solidaria\u00bb tendr\u00e1 este a\u00f1o dos ediciones"},"content":{"rendered":"<p>La octava edici\u00f3n de la colecta anual de \u00abActitud Solidaria\u00bb tendr\u00e1 dos episodios diferentes debido al contexto de crisis econ\u00f3mica y social que atraviesa nuestro pa\u00eds, seg\u00fan informaron los organizadores.<\/p>\n<p>El primer cap\u00edtulo se desarrollar\u00e1 el pr\u00f3ximo 18 de junio de 10 a 15 horas poniendo el foco de atenci\u00f3n en recibir donaciones de ropa de abrigo. \u00abEn las puertas del invierno, y con las bajas temperaturas que estamos atravesando, todo abrigo, frazadas, mantas y calzado en buenas condiciones que puedas donar, suma para aquellos que m\u00e1s necesitan\u00bb, puntulizaron.<\/p>\n<p>l s\u00e1bado 6 de agosto, en sinton\u00eda con el Mes del Ni\u00f1o, de 10 a 15 horas se estar\u00e1n recolectando exclusivamente juguetes. \u00abTe pedimos que no los envuelvas para regalo, as\u00ed podremos identificarlos para su reparto\u00bb, se\u00f1alaron.<\/p>\n<p>El punto de acopio de ambas colectas ser\u00e1 el SUM del Centro Vasco, en Avenida 58 y calle 65.\u00a0 Las donaciones recibidas ser\u00e1n cuidadosamente clasificadas y destinadas a 17 comedores, merenderos y hogares del distrito, llegando a m\u00e1s de 1400 ni\u00f1os y ni\u00f1as junto a sus familias.<\/p>\n<p>Como agregado especial, seguir\u00e1n acompa\u00f1ando a la Cooperadora del Hospital Municipal \u201cDr. Emilio Ferreyra\u201d para sumar nuevos socios solidarios. Durante cada jornada se realizar\u00e1 un programa de radio en vivo, de Estaci\u00f3n K2 de 9 a 15 en el cual<br \/>\nvecinos, periodistas, y personalidades aportar\u00e1n lo suyo para canalizar la energ\u00eda solidaria de la gente que se acerque.<\/p>\n","protected":false},"excerpt":{"rendered":"<p>La octava edici\u00f3n de la colecta anual de \u00abActitud Solidaria\u00bb tendr\u00e1 dos episodios diferentes debido al contexto de crisis econ\u00f3mica y social que atraviesa nuestro pa\u00eds, seg\u00fan informaron los organizadores. El primer cap\u00edtulo se desarrollar\u00e1 el pr\u00f3ximo 18 de junio de 10 a 15 horas poniendo el foco de atenci\u00f3n en recibir donaciones de ropa [&hellip;]<\/p>\n","protected":false},"author":3,"featured_media":90380,"comment_status":"closed","ping_status":"closed","sticky":false,"template":"","format":"standard","meta":{"footnotes":""},"categories":[3],"tags":[],"class_list":["post-90379","post","type-post","status-publish","format-standard","has-post-thumbnail","category-masnoticias"],"_links":{"self":[{"href":"https:\/\/primicias2262.com\/noticias\/wp-json\/wp\/v2\/posts\/90379","targetHints":{"allow":["GET"]}}],"collection":[{"href":"https:\/\/primicias2262.com\/noticias\/wp-json\/wp\/v2\/posts"}],"about":[{"href":"https:\/\/primicias2262.com\/noticias\/wp-json\/wp\/v2\/types\/post"}],"author":[{"embeddable":true,"href":"https:\/\/primicias2262.com\/noticias\/wp-json\/wp\/v2\/users\/3"}],"replies":[{"embeddable":true,"href":"https:\/\/primicias2262.com\/noticias\/wp-json\/wp\/v2\/comments?post=90379"}],"version-history":[{"count":0,"href":"https:\/\/primicias2262.com\/noticias\/wp-json\/wp\/v2\/posts\/90379\/revisions"}],"wp:attachment":[{"href":"https:\/\/primicias2262.com\/noticias\/wp-json\/wp\/v2\/media?parent=90379"}],"wp:term":[{"taxonomy":"category","embeddable":true,"href":"https:\/\/primicias2262.com\/noticias\/wp-json\/wp\/v2\/categories?post=90379"},{"taxonomy":"post_tag","embeddable":true,"href":"https:\/\/primicias2262.com\/noticias\/wp-json\/wp\/v2\/tags?post=90379"}],"curies":[{"name":"wp","href":"https:\/\/api.w.org\/{rel}","templated":true}]}}