{"id":90382,"date":"2022-06-02T13:38:20","date_gmt":"2022-06-02T16:38:20","guid":{"rendered":"https:\/\/primicias2262.com\/?p=90382"},"modified":"2022-06-02T13:38:20","modified_gmt":"2022-06-02T16:38:20","slug":"rondas-de-contencion-para-gestantes-y-acompanantes","status":"publish","type":"post","link":"https:\/\/primicias2262.com\/noticias\/rondas-de-contencion-para-gestantes-y-acompanantes\/","title":{"rendered":"Rondas de contenci\u00f3n para gestantes y acompa\u00f1antes"},"content":{"rendered":"<p>El Centro Cultural Necochea Biblioteca Popular Andr\u00e9s Ferreyra (CCN\/BPAF) informa<br \/>\nque los viernes de 14:00 a 15:30 horas, se llevar\u00e1 a cabo \u201cRondas Gestantes\u201d, una<br \/>\npropuesta del dispositivo Acercar perteneciente al servicio de \u00e1reas program\u00e1ticas del<br \/>\nHospital Domingo Taraborelli.<\/p>\n<p>Estar\u00e1 coordinado por un equipo interdisciplinario y ser\u00e1 un lugar donde las personas<br \/>\ngestantes y acompa\u00f1antes, podr\u00e1n recibir informaci\u00f3n profesional, compartir<br \/>\nexperiencias, derribar mitos, desde un espacio amigable.<\/p>\n<p>El dispositivo Acercar \u201ces un espacio de contenci\u00f3n en las etapas de embarazo,<br \/>\npuerperio y primera infancia\u201d, se\u00f1alaron los\/las organizadores\/as.<\/p>\n<p>El primer encuentro \u201cEncontrarnos con el cuerpo\u201d, se llevar\u00e1 a cabo este<br \/>\nviernes, 3 de junio en la Sala Bellocq. Primer Piso del CCN\/BPAF, ubicado en calle 54<br \/>\nentre 61 y 63. Inscripci\u00f3n presencial, 15 minutos antes de la hora de inicio.<\/p>\n","protected":false},"excerpt":{"rendered":"<p>El Centro Cultural Necochea Biblioteca Popular Andr\u00e9s Ferreyra (CCN\/BPAF) informa que los viernes de 14:00 a 15:30 horas, se llevar\u00e1 a cabo \u201cRondas Gestantes\u201d, una propuesta del dispositivo Acercar perteneciente al servicio de \u00e1reas program\u00e1ticas del Hospital Domingo Taraborelli. Estar\u00e1 coordinado por un equipo interdisciplinario y ser\u00e1 un lugar donde las personas gestantes y acompa\u00f1antes, [&hellip;]<\/p>\n","protected":false},"author":3,"featured_media":90384,"comment_status":"closed","ping_status":"closed","sticky":false,"template":"","format":"standard","meta":{"footnotes":""},"categories":[3],"tags":[],"class_list":["post-90382","post","type-post","status-publish","format-standard","has-post-thumbnail","category-masnoticias"],"_links":{"self":[{"href":"https:\/\/primicias2262.com\/noticias\/wp-json\/wp\/v2\/posts\/90382","targetHints":{"allow":["GET"]}}],"collection":[{"href":"https:\/\/primicias2262.com\/noticias\/wp-json\/wp\/v2\/posts"}],"about":[{"href":"https:\/\/primicias2262.com\/noticias\/wp-json\/wp\/v2\/types\/post"}],"author":[{"embeddable":true,"href":"https:\/\/primicias2262.com\/noticias\/wp-json\/wp\/v2\/users\/3"}],"replies":[{"embeddable":true,"href":"https:\/\/primicias2262.com\/noticias\/wp-json\/wp\/v2\/comments?post=90382"}],"version-history":[{"count":0,"href":"https:\/\/primicias2262.com\/noticias\/wp-json\/wp\/v2\/posts\/90382\/revisions"}],"wp:attachment":[{"href":"https:\/\/primicias2262.com\/noticias\/wp-json\/wp\/v2\/media?parent=90382"}],"wp:term":[{"taxonomy":"category","embeddable":true,"href":"https:\/\/primicias2262.com\/noticias\/wp-json\/wp\/v2\/categories?post=90382"},{"taxonomy":"post_tag","embeddable":true,"href":"https:\/\/primicias2262.com\/noticias\/wp-json\/wp\/v2\/tags?post=90382"}],"curies":[{"name":"wp","href":"https:\/\/api.w.org\/{rel}","templated":true}]}}