{"id":90386,"date":"2022-06-02T13:45:24","date_gmt":"2022-06-02T16:45:24","guid":{"rendered":"https:\/\/primicias2262.com\/?p=90386"},"modified":"2022-06-02T13:45:24","modified_gmt":"2022-06-02T16:45:24","slug":"la-campana-de-vacunacion-antigripal-de-ioma-y-pami-avanza-en-las-farmacias-locales","status":"publish","type":"post","link":"https:\/\/primicias2262.com\/noticias\/la-campana-de-vacunacion-antigripal-de-ioma-y-pami-avanza-en-las-farmacias-locales\/","title":{"rendered":"La campa\u00f1a de vacunaci\u00f3n antigripal de IOMA y PAMI avanza en las farmacias locales"},"content":{"rendered":"<p>As\u00ed lo asegur\u00f3 el presidente del Colegio de Farmac\u00e9uticos, Gabriel Traversini, luego de que el pasado viernes llegara una nueva tanda de dosis y a la espera de la \u00faltima entrega. \u201cLa demanda es un poco menor porque ya hay mucha gente vacunada\u201d, especific\u00f3.<\/p>\n<p>Traversini explic\u00f3 en el aire del programa radial Voces de la Ciudad de qu\u00e9 forma avanza la campa\u00f1a de vacunaci\u00f3n antigripal gratuita a trav\u00e9s de la cual IOMA y PAMI facilitan la aplicaci\u00f3n de estas dosis a sus afiliados, en la mayor\u00eda de las farmacias del distrito.<\/p>\n<p>Con algunos problemas en la distribuci\u00f3n inicial, el operativo logr\u00f3 comenzar a normalizarse a mediados de mayo y \u201ceste viernes llegaron nuevas vacunas\u201d, asegur\u00f3 el propietario del establecimiento en el que se preparan y venden medicamentos, aunque destac\u00f3 que \u201cla demanda est\u00e1 un poco menor porque ya hay mucha gente vacunada, por suerte, y otros que optaron por pasar la vacuna por su receta de PAMI, cuando no estaban las de la campa\u00f1a\u201d.<\/p>\n<p>\u201cEn conclusi\u00f3n: a partir del s\u00e1bado (28 de mayo) comenzamos a vacunar a buen ritmo, en este momento hay vacunas y todav\u00eda falta, supuestamente, que llegue una tanda\u201d, sintetiz\u00f3 el profesional en la ma\u00f1ana de la FM Vinilo 103.5 MHz.<\/p>\n<p>Intentando hacer un balance de este operativo, Traversini expuso que tiene cierto \u201cdesconcierto\u201d a la hora de arrojar estad\u00edsticas \u201cporque la cantidad de tandas que hubo no nos da la certeza de cu\u00e1ntas (dosis) ni cu\u00e1ndo, pero s\u00ed lo que vemos con el diario del lunes, con perspectiva, es que la campa\u00f1a result\u00f3, al menos la gente que la solicit\u00f3 ha tenido su vacuna, en el caso de PAMI\u201d.<\/p>\n<p>Por el lado de IOMA, \u201ca diferencia del a\u00f1o anterior y el otro, que estuvo compleja por las pocas dosis que mandaron, en este momento estamos a buen ritmo vacunando a los afiliados, fundamentalmente a los mayores de 65, que no tiene ninguna restricci\u00f3n m\u00e1s que venir con su carnet\u201d, especific\u00f3 el farmac\u00e9utico, se\u00f1alando en ese marco que \u201clos menores de 65 deben justificar la patolog\u00eda o venir con el historial de haberse vacunado por IOMA en los \u00faltimos cuatro a\u00f1os\u201d.<\/p>\n<p>En definitiva, \u201cm\u00e1s all\u00e1 de que uno se acuerda de todas las complicaciones anteriores, hoy podemos decir que se han aplicado un buen n\u00famero de vacunas y la gente est\u00e1, en general, vacunada\u201d, asegur\u00f3.<\/p>\n<p>Finalmente, haciendo un breve repaso por la etapa privada de la vacunaci\u00f3n, explic\u00f3 que \u201cnosotros hacemos una previsi\u00f3n del a\u00f1o anterior, siempre con el historial de cada farmacia. Se cuentan las vacunas y las pedimos para esa demanda\u201d, detall\u00f3 sobre el proceso de adquisici\u00f3n, sindicando a las prepagas el \u00e9xito de esta distribuci\u00f3n por su necesidad de invertir en prevenci\u00f3n\u201d.<\/p>\n<p>Para las prestadoras privadas \u201cno es un gasto, porque todas las patolog\u00edas asociadas a gripes y enfermedades estacionales terminan siendo muy costosas si no invirtieron en dar una vacuna a sus afiliados, es una excelente estrategia de prevenci\u00f3n\u201d, termin\u00f3 asegurando.<\/p>\n","protected":false},"excerpt":{"rendered":"<p>As\u00ed lo asegur\u00f3 el presidente del Colegio de Farmac\u00e9uticos, Gabriel Traversini, luego de que el pasado viernes llegara una nueva tanda de dosis y a la espera de la \u00faltima entrega. \u201cLa demanda es un poco menor porque ya hay mucha gente vacunada\u201d, especific\u00f3. Traversini explic\u00f3 en el aire del programa radial Voces de la [&hellip;]<\/p>\n","protected":false},"author":3,"featured_media":75739,"comment_status":"closed","ping_status":"closed","sticky":false,"template":"","format":"standard","meta":{"footnotes":""},"categories":[3],"tags":[],"class_list":["post-90386","post","type-post","status-publish","format-standard","has-post-thumbnail","category-masnoticias"],"_links":{"self":[{"href":"https:\/\/primicias2262.com\/noticias\/wp-json\/wp\/v2\/posts\/90386","targetHints":{"allow":["GET"]}}],"collection":[{"href":"https:\/\/primicias2262.com\/noticias\/wp-json\/wp\/v2\/posts"}],"about":[{"href":"https:\/\/primicias2262.com\/noticias\/wp-json\/wp\/v2\/types\/post"}],"author":[{"embeddable":true,"href":"https:\/\/primicias2262.com\/noticias\/wp-json\/wp\/v2\/users\/3"}],"replies":[{"embeddable":true,"href":"https:\/\/primicias2262.com\/noticias\/wp-json\/wp\/v2\/comments?post=90386"}],"version-history":[{"count":0,"href":"https:\/\/primicias2262.com\/noticias\/wp-json\/wp\/v2\/posts\/90386\/revisions"}],"wp:attachment":[{"href":"https:\/\/primicias2262.com\/noticias\/wp-json\/wp\/v2\/media?parent=90386"}],"wp:term":[{"taxonomy":"category","embeddable":true,"href":"https:\/\/primicias2262.com\/noticias\/wp-json\/wp\/v2\/categories?post=90386"},{"taxonomy":"post_tag","embeddable":true,"href":"https:\/\/primicias2262.com\/noticias\/wp-json\/wp\/v2\/tags?post=90386"}],"curies":[{"name":"wp","href":"https:\/\/api.w.org\/{rel}","templated":true}]}}