{"id":90411,"date":"2022-06-03T13:42:31","date_gmt":"2022-06-03T16:42:31","guid":{"rendered":"https:\/\/primicias2262.com\/?p=90411"},"modified":"2022-06-03T13:42:31","modified_gmt":"2022-06-03T16:42:31","slug":"los-sistemas-de-calefaccion-estan-operativos-en-todas-las-escuelas-de-necochea","status":"publish","type":"post","link":"https:\/\/primicias2262.com\/noticias\/los-sistemas-de-calefaccion-estan-operativos-en-todas-las-escuelas-de-necochea\/","title":{"rendered":"Los sistemas de calefacci\u00f3n est\u00e1n \u201coperativos\u201d en todas las escuelas de Necochea"},"content":{"rendered":"<p>Ante la problem\u00e1tica que est\u00e1n sufriendo localidades del conurbano bonaerense, con instituciones cerradas por el fr\u00edo, la consejera escolar Elizabeth Ortega asegur\u00f3 que, \u201cdiariamente, tenemos establecimientos que llaman porque se apaga alg\u00fan calefactor, pero son cuestiones menores\u201d.<\/p>\n<p>Reflejada en los medios nacionales la noticia de que 59 establecimientos escolares del distrito de Quilmes debieron reducir el horario o cerrar sus puertas por problemas en las instalaciones de gas y electricidad, debido a los cuales no pueden calefacciones sus aulas ante la incipiente ola de fr\u00edo, la secretaria del Consejo Escolar, Elizabeth Ortega, asegur\u00f3 que en Necochea \u201cno estamos ni cerca de vivir una situaci\u00f3n como la del Conurbano\u201d.<\/p>\n<p>En el programa radial Voces de la Ciudad, afirm\u00f3 que \u201cestamos operativos con todos los sistemas de calefacci\u00f3n\u201d en los 89 edificios p\u00fablicos que se administran desde el \u00f3rgano, sin menospreciar que, \u201cdiariamente, tenemos establecimientos que llaman porque se apaga alg\u00fan calefactor, pero son cuestiones menores y que se ponen en funcionamiento r\u00e1pidamente\u201d.<\/p>\n<p>Destac\u00f3 que son 120 las instituciones educativas que funcionan bajo esas instalaciones, ya que \u201calgunos comparten con distintos niveles\u201d, la problem\u00e1tica mas preocupante en este aspecto es la que atraviesa la Primaria N\u00ba 2. \u201cEn Educaci\u00f3n de Adultos tienen una dificultad: durante el d\u00eda se ahogan de calor en la planta baja y abren muchas ventanas, pero cuando llega el turno vespertino, que la escuela est\u00e1 m\u00e1s vac\u00eda y funcionan en planta alta, est\u00e1n congelados\u201d, detall\u00f3 la docente.<\/p>\n<p>Para solucionar esta situaci\u00f3n, \u201cya est\u00e1 trabajando el gasista para que circule con m\u00e1s equidad el calor\u201d, revel\u00f3, antes de pasar a brindar detalles sobre tres obras que ata\u00f1en a su especialidad dentro del organismo, en su rol de titular de la Comisi\u00f3n de Infraestructura.<br \/>\n\u201cLa semana pr\u00f3xima van a salir tres obras a licitaci\u00f3n, para las que se estar\u00e1n abriendo los sobres el viernes 10. En realidad, son dos, porque hay una obra menor que es una contrataci\u00f3n directa para el cerco perimetral de la Escuela T\u00e9cnica N\u00ba 1, que es una reparaci\u00f3n por un monto aproximado de 800 mil pesos\u201d, detall\u00f3.<\/p>\n<p>En cuanto a los convenios m\u00e1s importantes, Ortega describi\u00f3 en FM Vinilo 103.5 MHZ que ese d\u00eda se conocer\u00e1 el destino de \u201cla obra de la Secundaria N\u00ba 5, con la construcci\u00f3n de dos aulas\u201d, un pedido de la comunidad educativa de la entidad ubicada en el Barrio 9 de Julio, \u201cy lo que es la reparaci\u00f3n del edificio siniestrado de la Escuela Agropecuaria de Santamarina\u201d.<\/p>\n<p><strong>Repudio por robo en el Jard\u00edn 902<\/strong><\/p>\n<p>Despidi\u00e9ndose del aire de Voces de la Ciudad, la consejera lament\u00f3 un hecho de vandalismo que se produjo durante las \u00faltimas horas en el Jard\u00edn de Infantes N\u00ba 902, en Avenida 75 y calle 78, desconoci\u00e9ndose aun los da\u00f1os totales ocasionados.<\/p>\n","protected":false},"excerpt":{"rendered":"<p>Ante la problem\u00e1tica que est\u00e1n sufriendo localidades del conurbano bonaerense, con instituciones cerradas por el fr\u00edo, la consejera escolar Elizabeth Ortega asegur\u00f3 que, \u201cdiariamente, tenemos establecimientos que llaman porque se apaga alg\u00fan calefactor, pero son cuestiones menores\u201d. Reflejada en los medios nacionales la noticia de que 59 establecimientos escolares del distrito de Quilmes debieron reducir [&hellip;]<\/p>\n","protected":false},"author":3,"featured_media":90412,"comment_status":"closed","ping_status":"closed","sticky":false,"template":"","format":"standard","meta":{"footnotes":""},"categories":[3],"tags":[],"class_list":["post-90411","post","type-post","status-publish","format-standard","has-post-thumbnail","category-masnoticias"],"_links":{"self":[{"href":"https:\/\/primicias2262.com\/noticias\/wp-json\/wp\/v2\/posts\/90411","targetHints":{"allow":["GET"]}}],"collection":[{"href":"https:\/\/primicias2262.com\/noticias\/wp-json\/wp\/v2\/posts"}],"about":[{"href":"https:\/\/primicias2262.com\/noticias\/wp-json\/wp\/v2\/types\/post"}],"author":[{"embeddable":true,"href":"https:\/\/primicias2262.com\/noticias\/wp-json\/wp\/v2\/users\/3"}],"replies":[{"embeddable":true,"href":"https:\/\/primicias2262.com\/noticias\/wp-json\/wp\/v2\/comments?post=90411"}],"version-history":[{"count":0,"href":"https:\/\/primicias2262.com\/noticias\/wp-json\/wp\/v2\/posts\/90411\/revisions"}],"wp:attachment":[{"href":"https:\/\/primicias2262.com\/noticias\/wp-json\/wp\/v2\/media?parent=90411"}],"wp:term":[{"taxonomy":"category","embeddable":true,"href":"https:\/\/primicias2262.com\/noticias\/wp-json\/wp\/v2\/categories?post=90411"},{"taxonomy":"post_tag","embeddable":true,"href":"https:\/\/primicias2262.com\/noticias\/wp-json\/wp\/v2\/tags?post=90411"}],"curies":[{"name":"wp","href":"https:\/\/api.w.org\/{rel}","templated":true}]}}