{"id":90414,"date":"2022-06-03T14:27:16","date_gmt":"2022-06-03T17:27:16","guid":{"rendered":"https:\/\/primicias2262.com\/?p=90414"},"modified":"2022-06-03T14:27:16","modified_gmt":"2022-06-03T17:27:16","slug":"finalizo-una-obra-vital-para-mejorar-el-suministro-de-agua-en-el-distrito","status":"publish","type":"post","link":"https:\/\/primicias2262.com\/noticias\/finalizo-una-obra-vital-para-mejorar-el-suministro-de-agua-en-el-distrito\/","title":{"rendered":"Finaliz\u00f3 una obra vital para mejorar el suministro de agua en el distrito"},"content":{"rendered":"<p><strong>Con fondos municipales, la empresa Vicoli termin\u00f3 con el recambio de ca\u00f1er\u00eda, con material de polietileno de alta densidad, que cruza por debajo del Puente Dardo Rocha. Enmarcada dentro del plan operativo de recuperaci\u00f3n integral de la red de provisi\u00f3n de agua de Necochea y Quequ\u00e9n, esta obra optimizar\u00e1 ampliamente el fluido en toda la ciudad<\/strong><\/p>\n<p>El recambio de ca\u00f1er\u00eda de agua que cruza por debajo del Puente Dardo Rocha se constitu\u00eda en algo primordial, por tratarse sobre todo de un acueducto clave para el abastecimiento de varios sectores populares de Quequ\u00e9n y de Necochea tambi\u00e9n.<\/p>\n<p>Vale decir que si bien esta obra no termina de solucionar del todo la situaci\u00f3n que muchas veces es angustiante para el vecino, sobre todo en \u00e9pocas de calor, es un paso importante en b\u00fasqueda del ideal. Y prueba de ello es que el Ejecutivo tiene un objetivo trazado, con estudios de campo realizados oportunamente, en el marco de un plan operativo de recuperaci\u00f3n integral de la red de provisi\u00f3n de agua de Necochea y Quequ\u00e9n, con medidas de corto mediano y largo plazo.<\/p>\n<p>En lo que hace a la obra puntualmente y seg\u00fan el aspecto t\u00e9cnico, la empresa concesionaria Vicoli culmin\u00f3 por estas horas con el trabajo iniciado a principios de mayo donde se cambiaron 350 metros de ca\u00f1er\u00eda de un di\u00e1metro de 200 mm, al tiempo que se realizaron las termofusiones para ambas conexiones adem\u00e1s de la colocaci\u00f3n de v\u00e1lvulas, utilizando material de polietileno de alta densidad.<\/p>\n<p>Estos trabajos, que estaban pendientes desde 2017 donde solo se hab\u00edan hecho arreglos a corto plazo, hasta casi precarios, llega entonces a su fin tras una inversi\u00f3n asumida en su totalidad por el municipio de 4.660.810 pesos.<\/p>\n","protected":false},"excerpt":{"rendered":"<p>Con fondos municipales, la empresa Vicoli termin\u00f3 con el recambio de ca\u00f1er\u00eda, con material de polietileno de alta densidad, que cruza por debajo del Puente Dardo Rocha. Enmarcada dentro del plan operativo de recuperaci\u00f3n integral de la red de provisi\u00f3n de agua de Necochea y Quequ\u00e9n, esta obra optimizar\u00e1 ampliamente el fluido en toda la [&hellip;]<\/p>\n","protected":false},"author":3,"featured_media":90415,"comment_status":"closed","ping_status":"closed","sticky":false,"template":"","format":"standard","meta":{"footnotes":""},"categories":[3],"tags":[],"class_list":["post-90414","post","type-post","status-publish","format-standard","has-post-thumbnail","category-masnoticias"],"_links":{"self":[{"href":"https:\/\/primicias2262.com\/noticias\/wp-json\/wp\/v2\/posts\/90414","targetHints":{"allow":["GET"]}}],"collection":[{"href":"https:\/\/primicias2262.com\/noticias\/wp-json\/wp\/v2\/posts"}],"about":[{"href":"https:\/\/primicias2262.com\/noticias\/wp-json\/wp\/v2\/types\/post"}],"author":[{"embeddable":true,"href":"https:\/\/primicias2262.com\/noticias\/wp-json\/wp\/v2\/users\/3"}],"replies":[{"embeddable":true,"href":"https:\/\/primicias2262.com\/noticias\/wp-json\/wp\/v2\/comments?post=90414"}],"version-history":[{"count":0,"href":"https:\/\/primicias2262.com\/noticias\/wp-json\/wp\/v2\/posts\/90414\/revisions"}],"wp:attachment":[{"href":"https:\/\/primicias2262.com\/noticias\/wp-json\/wp\/v2\/media?parent=90414"}],"wp:term":[{"taxonomy":"category","embeddable":true,"href":"https:\/\/primicias2262.com\/noticias\/wp-json\/wp\/v2\/categories?post=90414"},{"taxonomy":"post_tag","embeddable":true,"href":"https:\/\/primicias2262.com\/noticias\/wp-json\/wp\/v2\/tags?post=90414"}],"curies":[{"name":"wp","href":"https:\/\/api.w.org\/{rel}","templated":true}]}}