{"id":90417,"date":"2022-06-03T15:25:19","date_gmt":"2022-06-03T18:25:19","guid":{"rendered":"https:\/\/primicias2262.com\/?p=90417"},"modified":"2022-06-03T15:25:19","modified_gmt":"2022-06-03T18:25:19","slug":"en-el-dia-de-ni-una-menos-descubrieron-el-banco-rojo-simbolo-de-lucha-contra-los-femicidios","status":"publish","type":"post","link":"https:\/\/primicias2262.com\/noticias\/en-el-dia-de-ni-una-menos-descubrieron-el-banco-rojo-simbolo-de-lucha-contra-los-femicidios\/","title":{"rendered":"En el d\u00eda de Ni Una Menos, descubrieron el Banco Rojo, s\u00edmbolo de lucha contra los femicidios"},"content":{"rendered":"<p><strong>Con la convocatoria de la Direcci\u00f3n de Pol\u00edticas de G\u00e9nero, y el acompa\u00f1amiento de organizaciones sociales e instituciones en el Paseo de la Memoria de la Plaza Dardo Rocha, se realiz\u00f3 el acto de conmemoraci\u00f3n de \u201cNi Una Menos\u201d, en el que se instal\u00f3 el Banco Rojo, s\u00edmbolo mundial de la lucha contra la violencia de g\u00e9nero y los femicidios.<\/strong><\/p>\n<p>Como cada 3 de junio, desde el a\u00f1o 2015, se lleva adelante en todo el pa\u00eds una jornada de lucha contra los femicidios en repudio a todas las formas de violencia de g\u00e9nero, alzando las voces propias y las de quienes ya no est\u00e1n porque han sido v\u00edctimas fatales de esa violencia. En virtud de ello, desde la Direcci\u00f3n municipal de Pol\u00edticas de G\u00e9nero, junto a organizaciones se promueve una mirada intersectorial para decir \u00a1basta!, y comprometerse con la problem\u00e1tica y el compromiso por una sociedad m\u00e1s justa, igualitaria, con equidad y libre de violencias.<\/p>\n<p><a href=\"https:\/\/primicias2262.com\/wp-content\/uploads\/2022\/06\/03-06-FOTO-acto-Ni-Una-Menos.jpeg\"><img loading=\"lazy\" decoding=\"async\" class=\"aligncenter size-large wp-image-90418\" src=\"https:\/\/primicias2262.com\/wp-content\/uploads\/2022\/06\/03-06-FOTO-acto-Ni-Una-Menos-1024x682.jpeg\" alt=\"\" width=\"696\" height=\"464\" \/><\/a><\/p>\n<p>Antes del descubrimiento del Banco Rojo en memoria de aquellas mujeres del distrito de Necochea que murieron en manos de quienes dec\u00edan amarlas, la directora de G\u00e9nero, -dependiente de la Secretar\u00eda de Desarrollo Humano-, Noelia Otero, afirm\u00f3 que \u201cestas son las construcciones que dan cuenta de un trabajo que parece invisible, pero que es constante\u201d, y describi\u00f3 ante los presentes que \u201cla Direcci\u00f3n viene trabajando en tres programas: Acompa\u00f1ar, Propiciar Derechos e implementaci\u00f3n de Ley Micaela\u201d, focalizando dentro de Propiciar Derechos actualmente en dos grandes temas: los noviazgos libres de violencia y las nuevas masculinidades.<\/p>\n<p>A su vez, -continu\u00f3 la funcionaria- \u201cvenimos impulsando junto a la Direcci\u00f3n de Presupuesto acciones hacia un presupuesto con perspectiva de G\u00e9nero; y con la Secretar\u00eda de Obras P\u00fablicas en acci\u00f3n de obras p\u00fablicas con perspectiva de g\u00e9nero, con quien se inici\u00f3 el expediente municipal 446\/2022 \u201cObra Monumento V\u00edctimas de Femicidio\u201d.<\/p>\n<p><a href=\"https:\/\/primicias2262.com\/wp-content\/uploads\/2022\/06\/03-06-FOTO-acto-Ni-Una-Menos2.jpeg\"><img loading=\"lazy\" decoding=\"async\" class=\"aligncenter size-large wp-image-90419\" src=\"https:\/\/primicias2262.com\/wp-content\/uploads\/2022\/06\/03-06-FOTO-acto-Ni-Una-Menos2-1024x682.jpeg\" alt=\"\" width=\"696\" height=\"464\" \/><\/a><\/p>\n<p>\u201cA partir de ese recorrido entre distintas \u00e1rea municipales es que iniciamos un camino de encuentro y contacto con familias de mujeres que hoy ya no est\u00e1n\u201d, subray\u00f3, para aclarar que \u201celegimos este lugar porque es la plaza que simboliza la memoria, donde miles de j\u00f3venes caminan, y queremos que aqu\u00ed sea el espacio para el futuro se\u00f1alamiento que recuerde a nuestras v\u00edctimas de femicidio, sus historias y sus vidas, para que nunca m\u00e1s haya una mujer muerta en manos de quien dec\u00eda amarla\u201d.<\/p>\n<p>Tras las alocuciones, la jornada se cerr\u00f3 con el descubrimiento del Banco Rojo, ceremonia que llevaron a cabo la secretaria de Salud, Andrea Perestiuk; la mencionada Noelia Otero; la secretaria General del SUTEBA, Silvina Furgat; Claudia Qui\u00f1onez por SADOP y Gabriela Sacco por CTA.<\/p>\n<p><a href=\"https:\/\/primicias2262.com\/wp-content\/uploads\/2022\/06\/03-06-FOTO-acto-Ni-Una-Menos4.jpeg\"><img loading=\"lazy\" decoding=\"async\" class=\"aligncenter size-large wp-image-90420\" src=\"https:\/\/primicias2262.com\/wp-content\/uploads\/2022\/06\/03-06-FOTO-acto-Ni-Una-Menos4-1024x682.jpeg\" alt=\"\" width=\"696\" height=\"464\" \/><\/a><\/p>\n<p>El Banco Rojo, vale resaltar, es s\u00edmbolo mundial de la lucha contra la violencia de g\u00e9nero y los femicidios. Surgi\u00f3 como un proyecto cultural de concientizaci\u00f3n y sensibilizaci\u00f3n que promueve la reflexi\u00f3n. Su color rojo particulariza la sangre de las v\u00edctimas y el objetivo es no olvidar a las mujeres que hoy ya no est\u00e1n.<\/p>\n<p>Durante la jornada, se cont\u00f3 con el acompa\u00f1amiento de distintas instituciones con las que d\u00eda a d\u00eda G\u00e9nero realiza una tarea en conjunto para acompa\u00f1ar a cada mujer del distrito, entre ellas, la Comisar\u00eda de la Mujer, organizaciones judiciales, centros de salud, Servicios de Atenci\u00f3n Primaria de Salud Taraborelli, Ant\u00edgona, organizaciones sociales, pol\u00edticas y sindicales, colegios profesionales de la ciudad, escuelas con sus centros de estudiantes, Mesa Local, COF y EDIA. Asimismo, asistieron promotoras, funcionarios municipales y del Honorable Concejo Deliberante.<\/p>\n","protected":false},"excerpt":{"rendered":"<p>Con la convocatoria de la Direcci\u00f3n de Pol\u00edticas de G\u00e9nero, y el acompa\u00f1amiento de organizaciones sociales e instituciones en el Paseo de la Memoria de la Plaza Dardo Rocha, se realiz\u00f3 el acto de conmemoraci\u00f3n de \u201cNi Una Menos\u201d, en el que se instal\u00f3 el Banco Rojo, s\u00edmbolo mundial de la lucha contra la violencia [&hellip;]<\/p>\n","protected":false},"author":3,"featured_media":90421,"comment_status":"closed","ping_status":"closed","sticky":false,"template":"","format":"standard","meta":{"footnotes":""},"categories":[3],"tags":[],"class_list":["post-90417","post","type-post","status-publish","format-standard","has-post-thumbnail","category-masnoticias"],"_links":{"self":[{"href":"https:\/\/primicias2262.com\/noticias\/wp-json\/wp\/v2\/posts\/90417","targetHints":{"allow":["GET"]}}],"collection":[{"href":"https:\/\/primicias2262.com\/noticias\/wp-json\/wp\/v2\/posts"}],"about":[{"href":"https:\/\/primicias2262.com\/noticias\/wp-json\/wp\/v2\/types\/post"}],"author":[{"embeddable":true,"href":"https:\/\/primicias2262.com\/noticias\/wp-json\/wp\/v2\/users\/3"}],"replies":[{"embeddable":true,"href":"https:\/\/primicias2262.com\/noticias\/wp-json\/wp\/v2\/comments?post=90417"}],"version-history":[{"count":0,"href":"https:\/\/primicias2262.com\/noticias\/wp-json\/wp\/v2\/posts\/90417\/revisions"}],"wp:attachment":[{"href":"https:\/\/primicias2262.com\/noticias\/wp-json\/wp\/v2\/media?parent=90417"}],"wp:term":[{"taxonomy":"category","embeddable":true,"href":"https:\/\/primicias2262.com\/noticias\/wp-json\/wp\/v2\/categories?post=90417"},{"taxonomy":"post_tag","embeddable":true,"href":"https:\/\/primicias2262.com\/noticias\/wp-json\/wp\/v2\/tags?post=90417"}],"curies":[{"name":"wp","href":"https:\/\/api.w.org\/{rel}","templated":true}]}}