{"id":90438,"date":"2022-06-04T15:01:14","date_gmt":"2022-06-04T18:01:14","guid":{"rendered":"https:\/\/primicias2262.com\/?p=90438"},"modified":"2022-06-04T15:01:14","modified_gmt":"2022-06-04T18:01:14","slug":"la-transformacion-digital-es-inevitable-haedo-opino-sobre-el-rumbo-de-los-tramites-municipales","status":"publish","type":"post","link":"https:\/\/primicias2262.com\/noticias\/la-transformacion-digital-es-inevitable-haedo-opino-sobre-el-rumbo-de-los-tramites-municipales\/","title":{"rendered":"\u201cLa transformaci\u00f3n digital es inevitable\u201d: Haedo opin\u00f3 sobre el rumbo de los tr\u00e1mites municipales"},"content":{"rendered":"<p>\u201cHay que \u2018despapelizar\u2019 los expedientes\u201d, figur\u00f3 el director de Ordenamiento Urbano, resumiendo como objetivos puntuales de su gesti\u00f3n la incorporaci\u00f3n de un \u201cWhastApp Vecinal\u201d, la instalaci\u00f3n del 147 en el interior del distrito y la generaci\u00f3n de una billetera digital para abonar el SEM.<\/p>\n<p>El director de Ordenamiento Urbano, a cuyo cargo est\u00e1 el sistema 147, Yamil Haedo, asegur\u00f3 en los estudios de Voces de la Ciudad que \u201cla transformaci\u00f3n digital es inevitable\u201d, con respecto al funcionamiento del aparato estatal local y la burocracia reinante. presenciales.<\/p>\n<p>Al hacer referencia sobre los objetivos que persigue desde su llegada a la funci\u00f3n -el pr\u00f3ximo 17 de junio cumplir\u00e1 seis meses al mando del \u00e1rea-, quien supiera ocupar la vicepresidencia del Consejo Escolar confes\u00f3 que \u201cla idea era estar a la altura de las circunstancias\u201d y que tiene \u201cdos o tres puntos\u201d que quiere implementar mientras dure su estad\u00eda en el Departamento Ejecutivo.<\/p>\n<p>En primer lugar, \u201cuno era instalar el 147 en el interior, que ya se est\u00e1 haciendo\u201d, aunque eso \u201camerita tambi\u00e9n una respuesta\u201d efectiva a los reclamos de los vecinos, proceso en el que se est\u00e1 trabajando. El segundo proyecto del Director se resume en la \u201cdigitalizaci\u00f3n de la mesa de entrada y el lanzamiento de un \u2018WhastApp vecinal\u2019, para que la gente tenga otra herramienta para comunicarse\u201d.<\/p>\n<p>Sobre este punto, revel\u00f3 que \u201chace dos o tres meses estamos trabajando para lanzar un bot en la aplicaci\u00f3n para que la gente pueda escribir o mandar un audio y el sistema los vaya llevando por distintas opciones, para que puedan hacer su reclamo y se les mande directamente el n\u00famero correspondiente\u201d.<\/p>\n<p>Asegur\u00f3 que \u201ces una herramienta m\u00e1s, es acercar la tecnolog\u00eda, porque hoy no se utiliza tanto el llamado\u201d y adelant\u00f3 que \u201cla idea es intentar, a futuro, llegar a que el vecino pueda averiguar sus tasas, saber cu\u00e1ndo va a estar el Quir\u00f3fano M\u00f3vil en su barrio, enviar denuncias sobre delitos y utilizarlo como una herramienta de seguridad. Un mont\u00f3n de cuestiones en las que venimos trabajando y estoy expectante para que se concreten\u201d.<\/p>\n<p>El \u00faltimo de los objetivos propuestos para su gesti\u00f3n al frente de Ordenamiento Urbano es la implementaci\u00f3n de una billetera digital para que se pueda abonar el Estacionamiento Medido (que a partir del 1\u00ba de julio pasar\u00e1 a costar 50 pesos por hora) \u201csin ir a ning\u00fan punto de venta, para que sea m\u00e1s \u00e1gil\u201d, sobre lo que explic\u00f3 que \u201cdurante el verano fue una demanda tremenda de la gente de afuera, porque el turista quiere estacionar el auto e irse a la playa, no tener que esperar una hora de cola\u201d.<\/p>\n<p>\u201cTenemos que ir hacia la digitalizaci\u00f3n de los expedientes, no podemos tardar dos a\u00f1os para habilitar un comercio. Debemos acompa\u00f1ar la transformaci\u00f3n de la ciudad que est\u00e1 llevando adelante el intendente Arturo Rojas\u201d, afirm\u00f3 Haedo y concluy\u00f3 en que la implementaci\u00f3n de nuevas tecnolog\u00edas \u201cva a ayudar tambi\u00e9n a mejorar la recaudaci\u00f3n, porque cuantas m\u00e1s herramientas haya para la gente es mejor\u201d.<\/p>\n<p>Vale destacar que con la llegada del WhatsApp como anexo a la l\u00ednea gratuita 147 y la aplicaci\u00f3n Vos con Voz, los dos mecanismos que el Gobierno municipal tiene en este momento para recibir los reclamos de la comunidad, el \u00e1rea tiene como expectativa poder llegar a recibir unas 65 mil comunicaciones en todo el a\u00f1o, teniendo en cuenta que, a la fecha, se han procesado unas 20 mil llamadas.<\/p>\n","protected":false},"excerpt":{"rendered":"<p>\u201cHay que \u2018despapelizar\u2019 los expedientes\u201d, figur\u00f3 el director de Ordenamiento Urbano, resumiendo como objetivos puntuales de su gesti\u00f3n la incorporaci\u00f3n de un \u201cWhastApp Vecinal\u201d, la instalaci\u00f3n del 147 en el interior del distrito y la generaci\u00f3n de una billetera digital para abonar el SEM. El director de Ordenamiento Urbano, a cuyo cargo est\u00e1 el sistema [&hellip;]<\/p>\n","protected":false},"author":3,"featured_media":90439,"comment_status":"closed","ping_status":"closed","sticky":false,"template":"","format":"standard","meta":{"footnotes":""},"categories":[3],"tags":[],"class_list":["post-90438","post","type-post","status-publish","format-standard","has-post-thumbnail","category-masnoticias"],"_links":{"self":[{"href":"https:\/\/primicias2262.com\/noticias\/wp-json\/wp\/v2\/posts\/90438","targetHints":{"allow":["GET"]}}],"collection":[{"href":"https:\/\/primicias2262.com\/noticias\/wp-json\/wp\/v2\/posts"}],"about":[{"href":"https:\/\/primicias2262.com\/noticias\/wp-json\/wp\/v2\/types\/post"}],"author":[{"embeddable":true,"href":"https:\/\/primicias2262.com\/noticias\/wp-json\/wp\/v2\/users\/3"}],"replies":[{"embeddable":true,"href":"https:\/\/primicias2262.com\/noticias\/wp-json\/wp\/v2\/comments?post=90438"}],"version-history":[{"count":0,"href":"https:\/\/primicias2262.com\/noticias\/wp-json\/wp\/v2\/posts\/90438\/revisions"}],"wp:attachment":[{"href":"https:\/\/primicias2262.com\/noticias\/wp-json\/wp\/v2\/media?parent=90438"}],"wp:term":[{"taxonomy":"category","embeddable":true,"href":"https:\/\/primicias2262.com\/noticias\/wp-json\/wp\/v2\/categories?post=90438"},{"taxonomy":"post_tag","embeddable":true,"href":"https:\/\/primicias2262.com\/noticias\/wp-json\/wp\/v2\/tags?post=90438"}],"curies":[{"name":"wp","href":"https:\/\/api.w.org\/{rel}","templated":true}]}}