{"id":90480,"date":"2022-06-05T14:52:26","date_gmt":"2022-06-05T17:52:26","guid":{"rendered":"https:\/\/primicias2262.com\/?p=90480"},"modified":"2022-06-05T14:52:26","modified_gmt":"2022-06-05T17:52:26","slug":"lescano-aseguro-que-el-objetivo-del-movimiento-evita-es-transformar-los-planes-sociales-en-trabajo","status":"publish","type":"post","link":"https:\/\/primicias2262.com\/noticias\/lescano-aseguro-que-el-objetivo-del-movimiento-evita-es-transformar-los-planes-sociales-en-trabajo\/","title":{"rendered":"Lescano asegur\u00f3 que el objetivo del Movimiento Evita es \u201ctransformar los planes sociales en trabajo\u201d"},"content":{"rendered":"<p>El m\u00e1ximo referente de la agrupaci\u00f3n a nivel local se mostr\u00f3 molesto con la interna que se vive en el Frente de Todos y consider\u00f3 que \u201cel divorcio de la dirigencia pol\u00edtica con la sociedad\u201d puede llevar al electorado a tomar malas decisiones. En ese marco, asegur\u00f3 que ser\u00e1n opci\u00f3n en las PASO 2023.<\/p>\n<p>\u201cEl enojo de la gente te puede llevar a votar gente como (Javier) Milei, que va a hacer un desastre\u201d. Ese es el panorama pol\u00edtico actual a nivel nacional seg\u00fan la mirada Luciano Lescano, quien fue autocr\u00e1tico con el momento de zozobra que parece atravesar el Frente de Todos en la conducci\u00f3n de los destinos del pa\u00eds: \u201cNo se est\u00e1n haciendo bien las cosas, pero creo que todav\u00eda hay una oportunidad. Todav\u00eda faltan 19 meses\u201d, de cara a las elecciones presidenciales de 2023, record\u00f3.<\/p>\n<p>En una entrevista ofrecida al programa radial Voces de la Ciudad, el dirigente aport\u00f3 a la discusi\u00f3n interna de la fuerza que \u201cel divorcio de la dirigencia pol\u00edtica con la sociedad es una cr\u00edtica que estamos planteando hacia adentro, porque me parece que, a veces, estamos ocupados m\u00e1s en la interna nuestra, que nos hace muy mal, porque no hemos logrado constituirnos como una coalici\u00f3n de Gobierno, hemos sido una coalici\u00f3n electoral y nada m\u00e1s\u201d.<\/p>\n<p>El exponente de la agrupaci\u00f3n que nuclea a unos 700 trabajadores en nuestro medio y cuenta con un poder de militancia activa que ronda las 70 personas, asegur\u00f3 que <strong>\u201cla \u00fanica manera de sacar el pa\u00eds adelante es trabajando\u201d<\/strong>, y en ese marco, \u201clamentablemente, hay sectores que tiene mayor poder dentro de la coalici\u00f3n, que est\u00e1n m\u00e1s enfrascados en internas y en ver como se posicionan de cara al 2023, para ver si salvan alguna parte de su quintita\u201d.<\/p>\n<p>\u201cYo no comparto esa manera de hacer pol\u00edtica. La gente nos vot\u00f3 para solucionar sus problemas y no se est\u00e1n dando los cambios estructurales que necesitamos, como la reforma tributaria\u201d, agreg\u00f3 quien supiera ocupar el rol de presidente del Bloque del Frente para la Victoria en el Concejo Deliberante, con apenas 27 a\u00f1os.<\/p>\n<p>El dirigente se\u00f1al\u00f3 en la ma\u00f1ana de FM Vinilo 103.5 MHz que \u201cla pol\u00edtica local est\u00e1 muy chata. Hoy la iniciativa y la agenda pol\u00edtica la impone el intendente (Arturo Rojas). No hay una oposici\u00f3n constructiva que lleve adelante proyectos, que diga esto se est\u00e1 haciendo mal\u201d.<\/p>\n<p>En el marco esta situaci\u00f3n y con la mira apuntando a la elecci\u00f3n pr\u00f3xima, Lescano adelant\u00f3 que \u201ctenemos un proyecto pol\u00edtico a futuro que es ser gobierno de esta ciudad, eso lo discutimos todos los d\u00edas, porque queremos llevar nuestras ideas adelante\u201d. Entonces, \u201chay que demostrar a la ciudadan\u00eda que se puede hacer pol\u00edtica de otra manera, pero cuesta mucho. La situaci\u00f3n no ayuda, la coyuntura menos, y hoy el Frente de Todos no tiene un conductor a nivel local\u201d.<\/p>\n<p>Tambi\u00e9n afirm\u00f3 que el objetivo del Movimiento Evita es ser protagonista en las primarias del 2023, un proceso eleccionario al que calific\u00f3 como \u201csano\u201d. Y aunque algunos compa\u00f1eros no compartan esta postura al respecto, \u201ccreo que no haber tenido PASO en el 2019 y en 2021 nos llev\u00f3 a perder y a cerrar el c\u00edrculo un poco m\u00e1s. Nosotros apoyamos esa decisi\u00f3n y fue la compa\u00f1era Roc\u00edo Mateo de candidata, por eso la autocr\u00edtica, porque las PASO te potencian, siendo oficialismo u oposici\u00f3n\u201d.<\/p>\n<p><strong>EL TRABAJO DE LA AGRUPACION<\/strong><\/p>\n<p>Fuera de las consideraciones pol\u00edticas, no es menor el trabajo que viene realizando la agrupaci\u00f3n que encabeza el dirigente en distintos puntos de la ciudad, persiguiendo el objetivo de <strong>\u201ctransformar los planes sociales en trabajo\u201d. <\/strong><\/p>\n<p>Adem\u00e1s de su sede central, en calle 67 casi Avenida 58, tambi\u00e9n cuentan con una Unidad Barrial en Los Malvones, donde trabajan junto al merendero del lugar desde hace 7 a\u00f1os y planifican la construcci\u00f3n de un maternal; articulan el programa nacional Potenciar Trabajo y estuvieron encargados de coordinar el ReNaBaP (Registro Nacional de Barrios Populares), una herramienta que permiti\u00f3 \u201cque ahora est\u00e9n siendo urbanizados dos barrios en Necochea\u201d, seg\u00fan explic\u00f3.<\/p>\n<p>Por otra parte, tienen funcionando dos talleres de oficios, uno pegado al local principal, donde ya funciona una peluquer\u00eda social; y otro en Tiro Federal, en 96 y 53, \u201cun galponcito donde hacemos herrer\u00eda y carpinter\u00eda, y las chicas de G\u00e9nero armaron una asesor\u00eda para las mujeres que sufren violencia dom\u00e9stica\u201d.<\/p>\n<p>Tambi\u00e9n \u201carmamos una cooperativa de mantenimiento con la que estuvimos pintado 10 escuelas, que el Gobierno provincial ha anunciado ahora que ser\u00e1 de jornada completa\u201d y \u201cestamos haciendo todos los tramites burocr\u00e1ticos para hacer veredas, basurines y conexiones intradomiciliarias de agua y electricidad en el Barrio Los \u00c1lamos\u201d.<\/p>\n<p>\u201cLo que tratamos de generar es cultura del trabajo. Quien no trabaja se tiene que ir, es as\u00ed. Todav\u00eda vemos una dificultad por incorporar el tema de los horarios, las responsabilidades, pero estamos trabajando en eso\u201d, asegur\u00f3 Luciano Lescano sobre la finalidad que persiguen con la aplicaci\u00f3n de estas pol\u00edticas en terreno.<\/p>\n","protected":false},"excerpt":{"rendered":"<p>El m\u00e1ximo referente de la agrupaci\u00f3n a nivel local se mostr\u00f3 molesto con la interna que se vive en el Frente de Todos y consider\u00f3 que \u201cel divorcio de la dirigencia pol\u00edtica con la sociedad\u201d puede llevar al electorado a tomar malas decisiones. En ese marco, asegur\u00f3 que ser\u00e1n opci\u00f3n en las PASO 2023. \u201cEl [&hellip;]<\/p>\n","protected":false},"author":3,"featured_media":90481,"comment_status":"closed","ping_status":"closed","sticky":false,"template":"","format":"standard","meta":{"footnotes":""},"categories":[3],"tags":[],"class_list":["post-90480","post","type-post","status-publish","format-standard","has-post-thumbnail","category-masnoticias"],"_links":{"self":[{"href":"https:\/\/primicias2262.com\/noticias\/wp-json\/wp\/v2\/posts\/90480","targetHints":{"allow":["GET"]}}],"collection":[{"href":"https:\/\/primicias2262.com\/noticias\/wp-json\/wp\/v2\/posts"}],"about":[{"href":"https:\/\/primicias2262.com\/noticias\/wp-json\/wp\/v2\/types\/post"}],"author":[{"embeddable":true,"href":"https:\/\/primicias2262.com\/noticias\/wp-json\/wp\/v2\/users\/3"}],"replies":[{"embeddable":true,"href":"https:\/\/primicias2262.com\/noticias\/wp-json\/wp\/v2\/comments?post=90480"}],"version-history":[{"count":0,"href":"https:\/\/primicias2262.com\/noticias\/wp-json\/wp\/v2\/posts\/90480\/revisions"}],"wp:attachment":[{"href":"https:\/\/primicias2262.com\/noticias\/wp-json\/wp\/v2\/media?parent=90480"}],"wp:term":[{"taxonomy":"category","embeddable":true,"href":"https:\/\/primicias2262.com\/noticias\/wp-json\/wp\/v2\/categories?post=90480"},{"taxonomy":"post_tag","embeddable":true,"href":"https:\/\/primicias2262.com\/noticias\/wp-json\/wp\/v2\/tags?post=90480"}],"curies":[{"name":"wp","href":"https:\/\/api.w.org\/{rel}","templated":true}]}}