{"id":90483,"date":"2022-06-05T15:00:54","date_gmt":"2022-06-05T18:00:54","guid":{"rendered":"https:\/\/primicias2262.com\/?p=90483"},"modified":"2022-06-05T15:00:54","modified_gmt":"2022-06-05T18:00:54","slug":"organizan-un-evento-solidario-para-ayudar-a-lorenzo-un-adolescente-que-sufre-del-linfoma-de-burkitt","status":"publish","type":"post","link":"https:\/\/primicias2262.com\/noticias\/organizan-un-evento-solidario-para-ayudar-a-lorenzo-un-adolescente-que-sufre-del-linfoma-de-burkitt\/","title":{"rendered":"Organizan un evento solidario para ayudar a Lorenzo, un adolescente que sufre del linfoma de Burkitt"},"content":{"rendered":"<p>El necochense est\u00e1 internado en el Hospital Garrahan y requiere un tratamiento que demorar\u00e1 un a\u00f1o como m\u00ednimo. Para ayudar a sostener econ\u00f3micamente a su madre, que lo acompa\u00f1a en este proceso, este jueves 9 de junio los vecinos podr\u00e1n tomarse una foto en el Teatro Municipal y dejar un donativo a cambio.<\/p>\n<p>Lorenzo Osma es un adolescente necochense que atraviesa una dif\u00edcil situaci\u00f3n de salud y necesita del apoyo de toda la comunidad para poder hacer frente a un tratamiento en la Ciudad Aut\u00f3noma de Buenos Aires. Fue diagnosticado recientemente con una rara forma de c\u00e1ncer del sistema linf\u00e1tico que se denomina leucemia de c\u00e9lulas de Burkitt y est\u00e1 internado en el Hospital de Pediatr\u00eda Garrahan recibiendo sesiones de quimioterapia.<\/p>\n<p><a href=\"https:\/\/primicias2262.com\/wp-content\/uploads\/2022\/06\/Lorenzo-2.jpg\"><img loading=\"lazy\" decoding=\"async\" class=\"alignleft size-medium wp-image-90485\" src=\"https:\/\/primicias2262.com\/wp-content\/uploads\/2022\/06\/Lorenzo-2-212x300.jpg\" alt=\"\" width=\"212\" height=\"300\" \/><\/a>Impulsada por Soledad y Lorena, dos maestras que el joven tuvo en su educaci\u00f3n primaria, la fot\u00f3grafa Jimena Gaido se encuentra organizando un evento solidario para juntar fondos y posibilitar la estad\u00eda de su madre durante el tiempo que requiera el tratamiento, que puede demorar hasta un a\u00f1o.<\/p>\n<p>En el programa radial Voces de la Ciudad, la joven profesional explic\u00f3 que, para el pr\u00f3ximo jueves 9 de junio, entre las 15 y las 19, se convoca a todos los vecinos que est\u00e9n interesados en apoyar esta causa a acercase hasta el Teatro Municipal \u201cLuis Sandrini\u201d, en calle 54 N\u00ba 3080, donde podr\u00e1n tomarse una foto y, a cambio, colaborar con un monto an\u00f3nimo y a total discreci\u00f3n en una urna que estar\u00e1 ubicada en la puerta del edifico.<\/p>\n<p>\u201cPueden ir en familia o sacarles a los chicos solos, la idea es colaboren con el monto que se pueda\u201d, invit\u00f3 la artista en el aire de la FM Vinilo, anunciando que para mayor informaci\u00f3n y seguimiento de todas las novedades se cre\u00f3 un evento en la red social Facebook, denominado #LoReBancamos.<\/p>\n<p>\u201cLes pedimos que concurran con barbijo\u201d, porque si bien \u201cla idea es que no est\u00e9n mucho tiempo en el teatro, si se hacen filas tenemos que cuidarnos\u201d, solicit\u00f3 primero, para informar luego que \u201cla mam\u00e1 esta all\u00e1 con \u00e9l y el resto de su familia cuando puede van a visitarlo. El tema es que el tratamiento todav\u00eda tiene por lo menos un a\u00f1o por delante. Entonces, adem\u00e1s de ayudarlo a \u00e9l, el objetivo es que su mam\u00e1 pueda estar all\u00e1, que es necesario para que salga todo bien\u201d.<\/p>\n<p>Adem\u00e1s de la propia toma, Gaido revel\u00f3 que ese d\u00eda, \u201ccuando la gente ingrese le vamos a dar un n\u00famero y van a estar participando por premios que est\u00e1n re lindos y son de emprendedores locales\u201d, para lo que ya se han sumado voluntariamente m\u00e1s de 30 peque\u00f1os productores necochenses.<\/p>\n<p>Tras pedir el apoyo de la comunidad, la fot\u00f3grafa sintetiz\u00f3: \u201cAdem\u00e1s de lo econ\u00f3mico suma mucho el hecho de sentir que mucha gente est\u00e1 pensando en \u00e9l y mandando buenas energ\u00edas\u201d.<\/p>\n<p>El linfoma de Burkitt es un c\u00e1ncer asociado principalmente a los linfocitos B, que afecta predominantemente a gente joven. En algunos casos, la causa puede ser la mutaci\u00f3n de un gen, pero tambi\u00e9n se asocia a una infecci\u00f3n producida por el virus de Epstein-Barr (VEB) o puede tener or\u00edgenes desconocidos.<\/p>\n","protected":false},"excerpt":{"rendered":"<p>El necochense est\u00e1 internado en el Hospital Garrahan y requiere un tratamiento que demorar\u00e1 un a\u00f1o como m\u00ednimo. Para ayudar a sostener econ\u00f3micamente a su madre, que lo acompa\u00f1a en este proceso, este jueves 9 de junio los vecinos podr\u00e1n tomarse una foto en el Teatro Municipal y dejar un donativo a cambio. Lorenzo Osma [&hellip;]<\/p>\n","protected":false},"author":3,"featured_media":90484,"comment_status":"closed","ping_status":"closed","sticky":false,"template":"","format":"standard","meta":{"footnotes":""},"categories":[3],"tags":[],"class_list":["post-90483","post","type-post","status-publish","format-standard","has-post-thumbnail","category-masnoticias"],"_links":{"self":[{"href":"https:\/\/primicias2262.com\/noticias\/wp-json\/wp\/v2\/posts\/90483","targetHints":{"allow":["GET"]}}],"collection":[{"href":"https:\/\/primicias2262.com\/noticias\/wp-json\/wp\/v2\/posts"}],"about":[{"href":"https:\/\/primicias2262.com\/noticias\/wp-json\/wp\/v2\/types\/post"}],"author":[{"embeddable":true,"href":"https:\/\/primicias2262.com\/noticias\/wp-json\/wp\/v2\/users\/3"}],"replies":[{"embeddable":true,"href":"https:\/\/primicias2262.com\/noticias\/wp-json\/wp\/v2\/comments?post=90483"}],"version-history":[{"count":0,"href":"https:\/\/primicias2262.com\/noticias\/wp-json\/wp\/v2\/posts\/90483\/revisions"}],"wp:attachment":[{"href":"https:\/\/primicias2262.com\/noticias\/wp-json\/wp\/v2\/media?parent=90483"}],"wp:term":[{"taxonomy":"category","embeddable":true,"href":"https:\/\/primicias2262.com\/noticias\/wp-json\/wp\/v2\/categories?post=90483"},{"taxonomy":"post_tag","embeddable":true,"href":"https:\/\/primicias2262.com\/noticias\/wp-json\/wp\/v2\/tags?post=90483"}],"curies":[{"name":"wp","href":"https:\/\/api.w.org\/{rel}","templated":true}]}}