{"id":90487,"date":"2022-06-05T15:11:05","date_gmt":"2022-06-05T18:11:05","guid":{"rendered":"https:\/\/primicias2262.com\/?p=90487"},"modified":"2022-06-05T15:11:05","modified_gmt":"2022-06-05T18:11:05","slug":"retomaron-el-recambio-de-veredas-en-la-avenida-2","status":"publish","type":"post","link":"https:\/\/primicias2262.com\/noticias\/retomaron-el-recambio-de-veredas-en-la-avenida-2\/","title":{"rendered":"Retomaron el recambio de veredas en la avenida 2"},"content":{"rendered":"<p><strong>La empresa Vicoli SRL retom\u00f3 a paso firme la obra que el verano que viene se ver\u00e1 plasmada en su totalidad, puntualmente estos d\u00edas de trabajo entre Av. 75 y 69. La semana que viene se inicia la segunda etapa de recambio de veredas y m\u00e1s adelante el de las luminarias altas por LED blancas.<\/strong><\/p>\n<p>La obra de remodelaci\u00f3n y embellecimiento de la Avenida 2, que se cristaliza con fondos del programa Argentina Hace II de Naci\u00f3n tras gestiones del intendente Arturo Rojas oportunamente, se retom\u00f3 nuevamente a muy buen ritmo, puntualmente desde la avenida 75 a calle 69 donde personal de la empresa Vicoli SRL se encuentra abocado a la terminaci\u00f3n del tendido el\u00e9ctrico y la reconstrucci\u00f3n de los cordones frente al Hogar Raimondi, como as\u00ed tambi\u00e9n al cerco de madera.<\/p>\n<p>Adem\u00e1s, en la continuidad en detalle de lo que se est\u00e1 realizando, se culmin\u00f3 por estas horas con los accesos de las bajadas 4 x 4 y los banquitos de descanso.<\/p>\n<p>Asimismo, y para empezar a finalizar con esta obra de renovaci\u00f3n que marcar\u00e1 un antes y un despu\u00e9s a la vista del vecino y el turista, y que se extiende desde Pinolandia a calle 63, la pr\u00f3xima semana se comenzar\u00e1 con la segunda etapa de recambio de vereda para pr\u00f3ximamente ejecutarse el recambio de las luminarias altas por LED.<\/p>\n<p>Vale recordar que la obra, cuyo presupuesto inicial fue de 50 millones de pesos sin contar el incremento l\u00f3gico por el proceso inflacionario, sufri\u00f3 una l\u00f3gica merma en su continuidad durante el verano, dado el fluido tr\u00e1nsito que se genera durante esa estaci\u00f3n del a\u00f1o, m\u00e1s all\u00e1 de que en alguna otra oportunidad la empresa tuvo y tiene que repartir su personal en otras obras que tiene comprometidas por contrato.<\/p>\n","protected":false},"excerpt":{"rendered":"<p>La empresa Vicoli SRL retom\u00f3 a paso firme la obra que el verano que viene se ver\u00e1 plasmada en su totalidad, puntualmente estos d\u00edas de trabajo entre Av. 75 y 69. La semana que viene se inicia la segunda etapa de recambio de veredas y m\u00e1s adelante el de las luminarias altas por LED blancas. [&hellip;]<\/p>\n","protected":false},"author":3,"featured_media":90488,"comment_status":"closed","ping_status":"closed","sticky":false,"template":"","format":"standard","meta":{"footnotes":""},"categories":[3],"tags":[],"class_list":["post-90487","post","type-post","status-publish","format-standard","has-post-thumbnail","category-masnoticias"],"_links":{"self":[{"href":"https:\/\/primicias2262.com\/noticias\/wp-json\/wp\/v2\/posts\/90487","targetHints":{"allow":["GET"]}}],"collection":[{"href":"https:\/\/primicias2262.com\/noticias\/wp-json\/wp\/v2\/posts"}],"about":[{"href":"https:\/\/primicias2262.com\/noticias\/wp-json\/wp\/v2\/types\/post"}],"author":[{"embeddable":true,"href":"https:\/\/primicias2262.com\/noticias\/wp-json\/wp\/v2\/users\/3"}],"replies":[{"embeddable":true,"href":"https:\/\/primicias2262.com\/noticias\/wp-json\/wp\/v2\/comments?post=90487"}],"version-history":[{"count":0,"href":"https:\/\/primicias2262.com\/noticias\/wp-json\/wp\/v2\/posts\/90487\/revisions"}],"wp:attachment":[{"href":"https:\/\/primicias2262.com\/noticias\/wp-json\/wp\/v2\/media?parent=90487"}],"wp:term":[{"taxonomy":"category","embeddable":true,"href":"https:\/\/primicias2262.com\/noticias\/wp-json\/wp\/v2\/categories?post=90487"},{"taxonomy":"post_tag","embeddable":true,"href":"https:\/\/primicias2262.com\/noticias\/wp-json\/wp\/v2\/tags?post=90487"}],"curies":[{"name":"wp","href":"https:\/\/api.w.org\/{rel}","templated":true}]}}