{"id":90490,"date":"2022-06-05T15:20:06","date_gmt":"2022-06-05T18:20:06","guid":{"rendered":"https:\/\/primicias2262.com\/?p=90490"},"modified":"2022-06-05T15:20:06","modified_gmt":"2022-06-05T18:20:06","slug":"continuara-en-la-semana-la-campana-de-asesoramiento-en-los-centros-de-jubilados","status":"publish","type":"post","link":"https:\/\/primicias2262.com\/noticias\/continuara-en-la-semana-la-campana-de-asesoramiento-en-los-centros-de-jubilados\/","title":{"rendered":"Continuar\u00e1 en la semana la campa\u00f1a de asesoramiento en los centros de jubilados"},"content":{"rendered":"<p>La visita del municipio a los centros de jubilados, a trav\u00e9s de la Direcci\u00f3n de Relaciones con la Comunidad y DDHH, tendr\u00e1 un intenso itinerario durante los pr\u00f3ximos d\u00edas, desde que se inici\u00f3 el viernes pasado en el Barrio 9 de Julio pero continuando durante toda la semana que viene por otros sectores.<\/p>\n<p><a href=\"https:\/\/primicias2262.com\/wp-content\/uploads\/2022\/06\/Jubilados.jpeg\"><img loading=\"lazy\" decoding=\"async\" class=\"aligncenter size-large wp-image-90492\" src=\"https:\/\/primicias2262.com\/wp-content\/uploads\/2022\/06\/Jubilados-1024x1024.jpeg\" alt=\"\" width=\"696\" height=\"696\" \/><\/a>El titular del \u00e1rea, Ger\u00f3nimo Gallegos, explic\u00f3 que con esta suerte de descentralizaci\u00f3n de la dependencia \u201cbuscamos que los adultos mayores y sus familias tengan m\u00e1s f\u00e1cil y cercano el espacio de inquietudes que refieren a ellos, y poder conocer al mismo tiempo las cuestiones que quieren que trabajemos en primera persona, palpando su realidad\u201d.<\/p>\n<p>La iniciativa, enmarcada en el programa \u201cO\u00edrte Cerca\u201d, en definitiva pretende tener un contacto m\u00e1s fluido con la tercera edad y quienes la acompa\u00f1an y, al mismo tiempo, potenciar a las asociaciones civiles en el lugar de preponderancia que tienen en su rol de contacto vecinal.<\/p>\n<p>Cabe decir, como adelanto, que el lunes 6 y el mi\u00e9rcoles 8 la dependencia estar\u00e1 en el Hogar de Tr\u00e1nsito \u201cEl Samaritano\u201d, ubicado en calle 65 entre 64 y 66, entre las 9 y las 12; mientras que el martes 7 y jueves 9 har\u00e1 lo propio en el Centro de Jubilados y Pensionados Barrio Sur de calle 77 entre 48 y 50, tambi\u00e9n de 9 a 12. Para cerrar la semana, el viernes 10 ser\u00e1 el turno de llegar nuevamente al Barrio 9 de Julio, cuya sede est\u00e1 instalada en calle 77 entre 102 y 104, y en la misma franja horaria citada anteriormente.<\/p>\n","protected":false},"excerpt":{"rendered":"<p>La visita del municipio a los centros de jubilados, a trav\u00e9s de la Direcci\u00f3n de Relaciones con la Comunidad y DDHH, tendr\u00e1 un intenso itinerario durante los pr\u00f3ximos d\u00edas, desde que se inici\u00f3 el viernes pasado en el Barrio 9 de Julio pero continuando durante toda la semana que viene por otros sectores. El titular [&hellip;]<\/p>\n","protected":false},"author":3,"featured_media":90491,"comment_status":"closed","ping_status":"closed","sticky":false,"template":"","format":"standard","meta":{"footnotes":""},"categories":[3],"tags":[],"class_list":["post-90490","post","type-post","status-publish","format-standard","has-post-thumbnail","category-masnoticias"],"_links":{"self":[{"href":"https:\/\/primicias2262.com\/noticias\/wp-json\/wp\/v2\/posts\/90490","targetHints":{"allow":["GET"]}}],"collection":[{"href":"https:\/\/primicias2262.com\/noticias\/wp-json\/wp\/v2\/posts"}],"about":[{"href":"https:\/\/primicias2262.com\/noticias\/wp-json\/wp\/v2\/types\/post"}],"author":[{"embeddable":true,"href":"https:\/\/primicias2262.com\/noticias\/wp-json\/wp\/v2\/users\/3"}],"replies":[{"embeddable":true,"href":"https:\/\/primicias2262.com\/noticias\/wp-json\/wp\/v2\/comments?post=90490"}],"version-history":[{"count":0,"href":"https:\/\/primicias2262.com\/noticias\/wp-json\/wp\/v2\/posts\/90490\/revisions"}],"wp:attachment":[{"href":"https:\/\/primicias2262.com\/noticias\/wp-json\/wp\/v2\/media?parent=90490"}],"wp:term":[{"taxonomy":"category","embeddable":true,"href":"https:\/\/primicias2262.com\/noticias\/wp-json\/wp\/v2\/categories?post=90490"},{"taxonomy":"post_tag","embeddable":true,"href":"https:\/\/primicias2262.com\/noticias\/wp-json\/wp\/v2\/tags?post=90490"}],"curies":[{"name":"wp","href":"https:\/\/api.w.org\/{rel}","templated":true}]}}