{"id":90522,"date":"2022-06-06T12:51:09","date_gmt":"2022-06-06T15:51:09","guid":{"rendered":"https:\/\/primicias2262.com\/?p=90522"},"modified":"2022-06-06T12:51:09","modified_gmt":"2022-06-06T15:51:09","slug":"solo-en-necochea-4500-familias-necesitan-una-vivienda-que-sea-accesible-a-sus-ingresos","status":"publish","type":"post","link":"https:\/\/primicias2262.com\/noticias\/solo-en-necochea-4500-familias-necesitan-una-vivienda-que-sea-accesible-a-sus-ingresos\/","title":{"rendered":"Solo en Necochea, \u201c4500 familias necesitan una vivienda que sea accesible a sus ingresos\u201d"},"content":{"rendered":"<p>As\u00ed lo aseguran desde COVINE, luego de publicar una solicitada en el matutino local pidiendo a las autoridades reactivar fondos y cupos para la construcci\u00f3n de m\u00f3dulos. La firma tiene cuatro proyectos en cartera, uno de ellos adjudicado a empleados municipales y a la espera de la firma del Instituto de la Vivienda.<\/p>\n<p><a href=\"https:\/\/primicias2262.com\/wp-content\/uploads\/2021\/10\/Yague.jpg\"><img loading=\"lazy\" decoding=\"async\" class=\"alignright size-medium wp-image-83021\" src=\"https:\/\/primicias2262.com\/wp-content\/uploads\/2021\/10\/Yague-300x196.jpg\" alt=\"\" width=\"300\" height=\"196\" \/><\/a>La Cooperativa de Vivienda, Obras y Servicios P\u00fablicos Ltda. (COVINE) public\u00f3 d\u00edas pasados una solicitada con el objetivo de despertar la atenci\u00f3n sobre el d\u00e9ficit habitacional existente en el distrito de Necochea, \u201cpara tratar de que se d\u00e9 respuesta a este tema, que es una necesidad b\u00e1sica para cualquier ser humano\u201d, sintetiz\u00f3 al respecto la arquitecta Miriam Yag\u00fce, parte integrante y cara visible de la firma, en la ma\u00f1ana de la FM Vinilo 103.5 MHz.<\/p>\n<p>Vale recordar que la empresa local tiene en marcha distintos proyectos que no han podido cristalizarse y que prev\u00e9n la construcci\u00f3n de cientos de unidades familiares en el distrito, por lo que solicitan a las autoridades pertinentes reactiven los fondos para continuar con estos procesos.<\/p>\n<p>En el caso de Los Tilos 7, en la zona Oeste de la ciudad y lindero a la Avenida 98, donde se encuentran sus barrios primos, la profesional detall\u00f3 que son 50 prototipos destinados a empleados y personal municipal, con planta alta y crecimiento previsto; un proyecto que cuenta con factibilidad de servicios, hidr\u00e1ulica, impacto ambiental y suelo, y para el que ya se encuentran registradas la totalidad de las familias para ser adjudicadas: \u201cExceden el n\u00famero\u201d, asegur\u00f3.<\/p>\n<p>\u201cEse ser\u00eda el barrio m\u00e1s completo en la documentaci\u00f3n, ya ingres\u00f3 al Instituto de la Vivienda, se arm\u00f3 el convenio para inicio de obra, pero nunca se firm\u00f3. Ya est\u00e1n cedidas las tierras y se necesita la decisi\u00f3n final para poder empezar a trabajar, porque todo el resto est\u00e1 cumplimentado\u201d, insisti\u00f3, dando marco al reclamo inicial.<\/p>\n<p>Adem\u00e1s, la constructora tiene en carpeta los proyectos del Barrio Quequ\u00e9n, delimitado por las calles 541 y 545, desde 582 hasta 586, con 128 prototipos de vivienda de 62 metros cuadrados; \u201cEl Remanso\u201d, en calle 38 y Jesuita Cardiel; y el de \u201cSociedad Rural\u201d, con 136 viviendas destinadas a las fuerzas de seguridad.<\/p>\n<p>Arrojando n\u00fameros aproximados para poner en relevancia la situaci\u00f3n que atraviesa el distrito, Yag\u00fce exterioriz\u00f3 en Voces de la Ciudad que unas \u201c4500 familias necesitan una vivienda que sea accesible a sus ingresos y que no se financie con cr\u00e9ditos que son imposibles de pagar\u201d, por lo que \u201cpara cubrir este d\u00e9ficit estar\u00edamos necesitando un ritmo de 350 viviendas anuales\u201d.<\/p>\n<p>Otro de los \u00edndices preocupantes, a la espera de las cifras definitorias que arroje el Censo 2022, es el de la cantidad de personas que alquilan su vivienda. \u201cEs un n\u00famero que va creciendo y al que le tenemos que sumar 1300 0 1500 que necesitan reparaciones edilicias\u201d.<\/p>\n<p>Volviendo al n\u00facleo del anuncio en papel mediante la que la Cooperativa dio visibilidad a esta problem\u00e1tica, la arquitecta asegur\u00f3 que \u201ctodo esto genera trabajo local. Por eso, decimos que la solicitada no es de una empresa, sino de un grupo de gente con necesidades de viviendas y de trabajo\u201d, invitando a la comunidad a sumarse el pedido: \u201cLa idea es que todos juntos tratemos de hacer fuerza para que se destine el cupo que estamos necesitando para dar respuesta a este d\u00e9ficit\u201d.<\/p>\n<p>\u201cLa gente no tiene otra forma de acceder a la vivienda propia, porque hoy los valores no est\u00e1n al alcance de un asalariado\u201d, finaliz\u00f3 aseverando la representante de COVINE.<\/p>\n","protected":false},"excerpt":{"rendered":"<p>As\u00ed lo aseguran desde COVINE, luego de publicar una solicitada en el matutino local pidiendo a las autoridades reactivar fondos y cupos para la construcci\u00f3n de m\u00f3dulos. La firma tiene cuatro proyectos en cartera, uno de ellos adjudicado a empleados municipales y a la espera de la firma del Instituto de la Vivienda. La Cooperativa [&hellip;]<\/p>\n","protected":false},"author":3,"featured_media":90523,"comment_status":"closed","ping_status":"closed","sticky":false,"template":"","format":"standard","meta":{"footnotes":""},"categories":[3],"tags":[],"class_list":["post-90522","post","type-post","status-publish","format-standard","has-post-thumbnail","category-masnoticias"],"_links":{"self":[{"href":"https:\/\/primicias2262.com\/noticias\/wp-json\/wp\/v2\/posts\/90522","targetHints":{"allow":["GET"]}}],"collection":[{"href":"https:\/\/primicias2262.com\/noticias\/wp-json\/wp\/v2\/posts"}],"about":[{"href":"https:\/\/primicias2262.com\/noticias\/wp-json\/wp\/v2\/types\/post"}],"author":[{"embeddable":true,"href":"https:\/\/primicias2262.com\/noticias\/wp-json\/wp\/v2\/users\/3"}],"replies":[{"embeddable":true,"href":"https:\/\/primicias2262.com\/noticias\/wp-json\/wp\/v2\/comments?post=90522"}],"version-history":[{"count":0,"href":"https:\/\/primicias2262.com\/noticias\/wp-json\/wp\/v2\/posts\/90522\/revisions"}],"wp:attachment":[{"href":"https:\/\/primicias2262.com\/noticias\/wp-json\/wp\/v2\/media?parent=90522"}],"wp:term":[{"taxonomy":"category","embeddable":true,"href":"https:\/\/primicias2262.com\/noticias\/wp-json\/wp\/v2\/categories?post=90522"},{"taxonomy":"post_tag","embeddable":true,"href":"https:\/\/primicias2262.com\/noticias\/wp-json\/wp\/v2\/tags?post=90522"}],"curies":[{"name":"wp","href":"https:\/\/api.w.org\/{rel}","templated":true}]}}