{"id":90525,"date":"2022-06-06T13:05:44","date_gmt":"2022-06-06T16:05:44","guid":{"rendered":"https:\/\/primicias2262.com\/?p=90525"},"modified":"2022-06-06T13:05:44","modified_gmt":"2022-06-06T16:05:44","slug":"marisa-roldan-y-el-consejo-de-seguridad-propuesto-por-la-ucr-siento-intencionalidad-de-enganar-a-la-comunidad","status":"publish","type":"post","link":"https:\/\/primicias2262.com\/noticias\/marisa-roldan-y-el-consejo-de-seguridad-propuesto-por-la-ucr-siento-intencionalidad-de-enganar-a-la-comunidad\/","title":{"rendered":"Marisa Rold\u00e1n y el Consejo de Seguridad propuesto por la UCR: \u201cSiento intencionalidad de enga\u00f1ar a la comunidad\u201d"},"content":{"rendered":"<p>La ex concejala explic\u00f3 en Voces de la Ciudad que el proyecto anunciado por el bloque que preside Gonzalo Diez ya fue presentado en 2012 y aprobado como ordenanza. \u201cNi siquiera tuvieron el detalle de modificar el nombre\u201d, asegur\u00f3, calificando como \u201cimpropia\u201d la conducta.<\/p>\n<p>En el aire de Voces de la Ciudad, la ex concejala Marisa Rold\u00e1n calific\u00f3 como \u201cimpropio\u201d al proceder del bloque de la Uni\u00f3n C\u00edvica Radical, luego de que sus integrantes participaran en una emisi\u00f3n televisiva local para presentar una supuesta innovadora proposici\u00f3n que tiene como fin la creaci\u00f3n del \u201cConsejo Municipal de Seguridad Ciudadana\u201d, pero que, en realidad, fuera presentada por la ex edil en 2012 y aprobada como ordenanza.<\/p>\n<p>\u201cNi siquiera tuvieron el detalle de modificar el nombre. Entonces, siento personalmente una intencionalidad de enga\u00f1ar a la comunidad con algo que ya est\u00e1\u201d, asever\u00f3 sobre el proyecto interinstitucional que tiene por objeto aportar herramientas el Ejecutivo para luchar contra la inseguridad. \u201cArrogarse determinados t\u00edtulos y momentos, un concejal experimentado de tantos mandatos llevados adelante, como el concejal Diez, realmente es impropio\u201d, termin\u00f3 enfatizando al respecto.<\/p>\n<p>Fue en ese marco que la tambi\u00e9n anterior presidenta de la asamblea de delegados de la Usina Popular Cooperativa argument\u00f3: \u201cCuando yo veo que se presenta con una euforia extraordinaria una propuesta que va a llegar a ser la soluci\u00f3n de la inseguridad, quiero recordarles a los concejales del bloque radical que tienen a su mano este proyecto, porque esta ordenanza ya est\u00e1 aprobada\u201d, se\u00f1al\u00f3.<\/p>\n<p>\u201cEra un instrumento que permit\u00eda organizarnos con todas las instituciones, con la sociedad, porque sabemos que la inseguridad es multicausal, entonces abordarlo desde todas las aristas pol\u00edticamente para empezar a articular e implementar otras ordenanzas, enriquecerlo, ver otras miradas\u201d, describi\u00f3 sobre la normativa Rold\u00e1n, para indicar luego que \u201cfue un proyecto que tuvo un trabajo profundo, resistido en su momento, pero que despu\u00e9s tom\u00f3 forma\u201d.<\/p>\n<p>Destac\u00f3 que para su articulaci\u00f3n cont\u00f3 con la valiosa cooperaci\u00f3n de \u201cparte de la Justicia\u201d, quien supiera representar al Partido Fe en el \u00f3rgano legislativo dom\u00e9stico indic\u00f3 que la ordenanza \u201ctendr\u00eda que haberse implementado hace mucho tiempo\u201d, pero que \u201clos mismos recelos pol\u00edticos e ideol\u00f3gicos que siempre se tienen impiden estas cosas, como tantos otros proyectos que han sido presentados\u201d.<\/p>\n<p>Para finalizar, Rold\u00e1n coincidi\u00f3 con la actual administraci\u00f3n en que la resoluci\u00f3n de esta problem\u00e1tica \u201cno depende pura y exclusivamente de la esfera municipal\u201d, y envi\u00f3 un mensaje al bloque que preside Diez. \u201cSi quieren trabajar por nuestras ciudades, que tomen todas las herramientas que est\u00e1 en el Concejo, pero que no se las apropien\u201d, porque \u201calguien trabaj\u00f3 antes en ellas. Pueden derogarla, modificarla o mejorarla, pero no presentarle a la comunidad una propuesta totalmente innovadora cuando yo ya la present\u00e9 en 2012\u201d.<\/p>\n","protected":false},"excerpt":{"rendered":"<p>La ex concejala explic\u00f3 en Voces de la Ciudad que el proyecto anunciado por el bloque que preside Gonzalo Diez ya fue presentado en 2012 y aprobado como ordenanza. \u201cNi siquiera tuvieron el detalle de modificar el nombre\u201d, asegur\u00f3, calificando como \u201cimpropia\u201d la conducta. En el aire de Voces de la Ciudad, la ex concejala [&hellip;]<\/p>\n","protected":false},"author":3,"featured_media":90527,"comment_status":"closed","ping_status":"closed","sticky":false,"template":"","format":"standard","meta":{"footnotes":""},"categories":[3],"tags":[],"class_list":["post-90525","post","type-post","status-publish","format-standard","has-post-thumbnail","category-masnoticias"],"_links":{"self":[{"href":"https:\/\/primicias2262.com\/noticias\/wp-json\/wp\/v2\/posts\/90525","targetHints":{"allow":["GET"]}}],"collection":[{"href":"https:\/\/primicias2262.com\/noticias\/wp-json\/wp\/v2\/posts"}],"about":[{"href":"https:\/\/primicias2262.com\/noticias\/wp-json\/wp\/v2\/types\/post"}],"author":[{"embeddable":true,"href":"https:\/\/primicias2262.com\/noticias\/wp-json\/wp\/v2\/users\/3"}],"replies":[{"embeddable":true,"href":"https:\/\/primicias2262.com\/noticias\/wp-json\/wp\/v2\/comments?post=90525"}],"version-history":[{"count":0,"href":"https:\/\/primicias2262.com\/noticias\/wp-json\/wp\/v2\/posts\/90525\/revisions"}],"wp:attachment":[{"href":"https:\/\/primicias2262.com\/noticias\/wp-json\/wp\/v2\/media?parent=90525"}],"wp:term":[{"taxonomy":"category","embeddable":true,"href":"https:\/\/primicias2262.com\/noticias\/wp-json\/wp\/v2\/categories?post=90525"},{"taxonomy":"post_tag","embeddable":true,"href":"https:\/\/primicias2262.com\/noticias\/wp-json\/wp\/v2\/tags?post=90525"}],"curies":[{"name":"wp","href":"https:\/\/api.w.org\/{rel}","templated":true}]}}